{"id":6458,"date":"2025-01-15T15:32:44","date_gmt":"2025-01-15T14:32:44","guid":{"rendered":"https:\/\/www.elicit-plant.com\/fr\/?post_type=news&#038;p=6458"},"modified":"2025-01-15T16:47:45","modified_gmt":"2025-01-15T15:47:45","slug":"elicit-plant-et-basf-sallient-pour-accelerer-le-deploiement-des-biosolutions-sur-cereales-et-tournesol","status":"publish","type":"news","link":"https:\/\/www.elicit-plant.com\/fr\/actualites\/elicit-plant-et-basf-sallient-pour-accelerer-le-deploiement-des-biosolutions-sur-cereales-et-tournesol\/","title":{"rendered":"Elicit Plant et BASF s\u2019allient pour acc\u00e9l\u00e9rer le d\u00e9ploiement des biosolutions sur c\u00e9r\u00e9ales et tournesol"},"content":{"rendered":"<section class=\"cbo-picture picture--contained\">\n\t<div class=\"picture-inner cbo-container container--small\">\n\t\t<div class=\"picture-element cbo-picture-cover\">\n\t\t\t<img decoding=\"async\" src=\"https:\/\/www.elicit-plant.com\/app\/uploads\/sites\/1\/2025\/01\/Elicit-Plant-et-BASF.jpg\" srcset=\"https:\/\/www.elicit-plant.com\/app\/uploads\/sites\/1\/2025\/01\/Elicit-Plant-et-BASF-320x192.jpg 320w, https:\/\/www.elicit-plant.com\/app\/uploads\/sites\/1\/2025\/01\/Elicit-Plant-et-BASF-768x461.jpg 840w, https:\/\/www.elicit-plant.com\/app\/uploads\/sites\/1\/2025\/01\/Elicit-Plant-et-BASF.jpg 1024w, https:\/\/www.elicit-plant.com\/app\/uploads\/sites\/1\/2025\/01\/Elicit-Plant-et-BASF.jpg 1400w\" class=\"\" alt=\"Elicit Plant et BASF s&rsquo;allient pour acc&eacute;l&eacute;rer le d&eacute;ploiement des biosolutions sur c&eacute;r&eacute;ales et tournesol\" width=\"1000\" height=\"600\" sizes=\"auto, 100vw\" loading=\"lazy\" \/>\t\t<\/div>\n\n\t\t\t<\/div>\n<\/section>\n\n<section class=\"cbo-text cbo-margin-container\">\n    <div class=\"\n        text-inner\n                cbo-container\n        container--small        \"\n    >\n        <div class=\"text-content cbo-cms cms--large\">\n            <h2>Quel est l\u2019enjeu du partenariat mis en place \u00e0 l\u2019automne dernier avec BASF\u00a0?<\/h2>\n<p><strong>Michel Bazille<\/strong>\u00a0: L\u2019objectif est d\u2019acc\u00e9l\u00e9rer le d\u00e9ploiement sur le terrain de nos deux biostimulants, EliGrain-a sur c\u00e9r\u00e9ales et EliSun-a pour le tournesol, en nous appuyant sur un solide partenaire, bien implant\u00e9 dans chaque d\u00e9partement. Depuis trois ans, nous rencontrons les distributeurs dans les diff\u00e9rentes r\u00e9gions de France pour leur pr\u00e9senter les atouts de nos sp\u00e9cialit\u00e9s. Tous ont port\u00e9 un vif int\u00e9r\u00eat pour ces nouveaut\u00e9s qui aident les cultures \u00e0 mieux supporter les stress abiotiques, dont la lutte contre le stress hydrique. La dimension de notre \u00e9quipe commerciale, compos\u00e9e aujourd\u2019hui d\u2019une dizaine de personnes, ne nous permet cependant pas de r\u00e9pondre \u00e0 toutes les sollicitations. Or, pour \u00eatre bien utilis\u00e9e, toute innovation a besoin de p\u00e9dagogie, de temps et d\u2019un accompagnement de proximit\u00e9 de qualit\u00e9. Voil\u00e0 pourquoi nous avons fait le choix de nous appuyer sur BASF, un expert des grandes cultures, reconnu par le monde agricole et qui entretient de tr\u00e8s bonnes relations avec les coop\u00e9ratives et les n\u00e9goces.<\/p>\n<h2>De votre c\u00f4t\u00e9, chez BASF, pourquoi avoir souhait\u00e9 de vous rapprocher d\u2019Elicit Plant\u00a0?<\/h2>\n<p><strong>G\u00e9rard Grellet\u00a0: <\/strong>Dans le contexte r\u00e9glementaire, environnemental et soci\u00e9tal actuel, alors que de nombreuses solutions \u00ab\u00a0classiques\u00a0\u00bb disparaissent du march\u00e9, il est capital de proposer des alternatives aux agriculteurs, pour continuer \u00e0 prot\u00e9ger efficacement leurs cultures et ainsi, pr\u00e9server les rendements malgr\u00e9 un climat de plus en plus impr\u00e9visible. Les plantes font face \u00e0 des contraintes croissantes, notamment des temp\u00e9ratures \u00e9lev\u00e9es et des variations dans la disponibilit\u00e9 en eau. EliGrain-a et EliSun-a contribuent \u00e0 r\u00e9duire l\u2019impact du stress hydrique sur les cultures, permettant ainsi de maintenir leur productivit\u00e9. \u00c9largir notre gamme en biosolutions nous permet d\u00e8s lors de proposer une offre compl\u00e8te aux agriculteurs, combinant d\u00e9sormais semences, produits de protection des plantes, outils d\u2019aide \u00e0 la d\u00e9cision et&#8230; biostimulants. En contrepartie, Elicit Plant peut compter sur nos \u00e9quipes pour faire la promotion de ces deux solutions et en assurer le d\u00e9veloppement.<\/p>\n<h2>Concr\u00e8tement, quel est le r\u00f4le de chacun sur le terrain\u00a0?<\/h2>\n<p><strong>Michel Bazille<\/strong>\u00a0: Ces derniers mois, nos \u00e9quipes ont travaill\u00e9 en \u00e9troite collaboration avec celles de BASF et ont expliqu\u00e9 toute la technicit\u00e9 de nos sp\u00e9cialit\u00e9s pour b\u00e2tir un message clair, vulgaris\u00e9, accessible \u00e0 tous. Car, d\u00e9sormais, c\u2019est BASF qui pr\u00e9sentera aux distributeurs l\u2019offre commerciale EliGrain-a et EliSun-a. Au quotidien, nous continuerons \u00e0 leur partager nos r\u00e9sultats d\u2019essais pour \u00e9toffer les messages techniques. Notre relation va bien \u00e9videmment se poursuivre dans les mois \u00e0 venir. Nos \u00e9quipes resteront en appui de celles de BASF.<\/p>\n<p><strong>G\u00e9rard Grellet<\/strong>\u00a0: Nous abordons ce nouveau march\u00e9 avec beaucoup d\u2019humilit\u00e9 car nous avons encore beaucoup \u00e0 apprendre. Homologu\u00e9s en d\u00e9cembre 2023 \u00e0 l\u2019\u00e9chelle europ\u00e9enne, ces deux biostimulants ont \u00e9t\u00e9 pr\u00e9commercialis\u00e9s au printemps 2024. Mais le vrai lancement est pour cette campagne. Notre r\u00f4le, officiel depuis le 1<sup>er<\/sup> novembre, est de faire la promotion de ces deux sp\u00e9cialit\u00e9s aupr\u00e8s de nos clients, les distributeurs. Nous allons aussi tester les associations avec des produits de notre gamme (fongicides, herbicides&#8230;) pour identifier les compatibilit\u00e9s possibles et, ainsi, affiner les itin\u00e9raires techniques avec des solutions cl\u00e9s en main.<\/p>\n<h2>Pouvez-vous nous en dire un peu plus sur les atouts de ces deux biostimulants\u00a0?<\/h2>\n<p><strong>Michel Bazille<\/strong>\u00a0: EliGrain-a et EliSun-a aident les c\u00e9r\u00e9ales et le tournesol \u00e0 mieux faire face aux p\u00e9riodes de stress hydrique, gr\u00e2ce \u00e0 leur composition unique \u00e0 base de phytost\u00e9rols. Ces formulations s\u2019int\u00e8grent dans des itin\u00e9raires techniques optimis\u00e9s, offrant des b\u00e9n\u00e9fices dans la gestion des al\u00e9as climatiques et favorisant la croissance des cultures, ind\u00e9pendamment des d\u00e9fis rencontr\u00e9s. Le tout, en g\u00e9n\u00e9rant des gains de rendement\u00a0moyens de + 2 q\/ha pour EliSun-a sur tournesol, + 3,8 q\/ha sur bl\u00e9 et + 3,4 q\/ha sur orge de printemps avec EliGrain-a.<\/p>\n<h2>\u00c0 quels stades doivent-\u00eatre appliqu\u00e9es ces sp\u00e9cialit\u00e9s\u00a0?<\/h2>\n<p><strong>G\u00e9rard Grellet<\/strong>\u00a0: Avec EliGrain-a et EliSun-a, tout se joue en pr\u00e9ventif\u00a0! Ces produits doivent donc \u00eatre appliqu\u00e9s pr\u00e9cocement pour que la plante puisse s\u2019adapter avant qu\u2019un stress ne survienne. Ainsi, sur tournesol, EliSun-a doit \u00eatre positionn\u00e9 au stade 8-10 feuilles. Pour les c\u00e9r\u00e9ales, nous conseillons une application d\u2019EliGrain-a entre le stade 1 n\u0153ud &#8211; derni\u00e8re feuille \u00e9tal\u00e9e du bl\u00e9 et 1 n\u0153ud &#8211; sortie des barbes de l\u2019orge de printemps. Compos\u00e9s de phytost\u00e9rols, ces biostimulants d\u00e9clenchent des r\u00e9actions physiologiques. La croissance racinaire est stimul\u00e9e pour une meilleure exploration du sol, l\u2019ouverture des stomates est r\u00e9gul\u00e9e et l\u2019\u00e9vapotranspiration foliaire limit\u00e9e.<\/p>\n<h2>Quels sont vos objectifs pour la campagne 2024\/25\u00a0?<\/h2>\n<p><strong>Michel Bazille<\/strong>\u00a0: L\u2019enjeu premier est de toucher un maximum de distributeurs afin qu\u2019ils r\u00e9f\u00e9rencent nos sp\u00e9cialit\u00e9s dans leurs gammes, dans le but de b\u00e2tir des itin\u00e9raires techniques solides, permettant ainsi aux cultures de performer quelles que soient les conditions climatiques. En parall\u00e8le, nous allons poursuivre les essais pour compiler un maximum de donn\u00e9es et diffuser des solutions pr\u00e9cises, adapt\u00e9es \u00e0 chaque bassin de production. M\u00eame si nous sommes convaincus de la performance de nos produits, le march\u00e9 des biostimulants est encore jeune. L\u2019heure est encore \u00e0 la p\u00e9dagogie et \u00e0 la d\u00e9monstration. Le r\u00e9seau constitu\u00e9 avec les \u00e9quipes de BASF devrait nous permettre d\u2019acc\u00e9l\u00e9rer la dynamique.<\/p>\n\n            <div style=\"clear: both;\"><\/div>\n        <\/div>\n    <\/div>\n<\/section>\n\n\n<section class=\"cbo-productpush\">\n\t<div class=\"productpush-inner cbo-container container--padding\">\n\n\t\t\t\t<h2 class=\"productpush-title\">\n\t\t\tD\u00e9couvrez nos produits\t\t<\/h2>\n\t\t\n\t\t<div class=\"productpush-list\">\n\t\t\t\t\t\t<div class=\"list-el\">\n\t\t\t\t<a href=\"https:\/\/www.elicit-plant.com\/fr\/produits\/eligrain-a-cereales-ble\/\" class=\"cbo-product product--yellow\">\n\t<span class=\"product-picture\">\n\t\t<span class=\"picture-background cbo-picture-cover\">\n\t\t\t<img decoding=\"async\" src=\"https:\/\/www.elicit-plant.com\/app\/uploads\/sites\/1\/2023\/07\/img-produit-background-pattern_ble@2x-315x320.png\" srcset=\"https:\/\/www.elicit-plant.com\/app\/uploads\/sites\/1\/2023\/07\/img-produit-background-pattern_ble@2x.png 768w, https:\/\/www.elicit-plant.com\/app\/uploads\/sites\/1\/2023\/07\/img-produit-background-pattern_ble@2x.png 1024w\" class=\"\" alt=\"Fond jaune C\u00e9r\u00e9ales\" width=\"315\" height=\"320\" sizes=\"auto, 100vw\" loading=\"lazy\" \/>\t\t<\/span>\n\t\t<span class=\"picture-thumbnail cbo-picture-contain\">\n\t\t\t<img decoding=\"async\" src=\"https:\/\/www.elicit-plant.com\/app\/uploads\/sites\/1\/2024\/09\/EliGrain-a-Cereales-Ble.png\"  sizes=\"100vw\" class=\"\" alt=\"EliGrain-a C\u00e9r\u00e9ales Bl\u00e9\"  loading=\"lazy\" \/>\t\t<\/span>\n\t<\/span>\n\t<h3 class=\"product-title cbo-title-4\">\n\t\tEliGrain-a : Bl\u00e9\t<\/h3>\n<\/a>\t\t\t<\/div>\n\t\t\t\t\t\t<div class=\"list-el\">\n\t\t\t\t<a href=\"https:\/\/www.elicit-plant.com\/fr\/produits\/eligrain-a-cereales\/\" class=\"cbo-product product--yellow\">\n\t<span class=\"product-picture\">\n\t\t<span class=\"picture-background cbo-picture-cover\">\n\t\t\t<img decoding=\"async\" src=\"https:\/\/www.elicit-plant.com\/app\/uploads\/sites\/1\/2023\/07\/img-produit-background-pattern_ble@2x-315x320.png\" srcset=\"https:\/\/www.elicit-plant.com\/app\/uploads\/sites\/1\/2023\/07\/img-produit-background-pattern_ble@2x.png 768w, https:\/\/www.elicit-plant.com\/app\/uploads\/sites\/1\/2023\/07\/img-produit-background-pattern_ble@2x.png 1024w\" class=\"\" alt=\"Fond jaune C\u00e9r\u00e9ales\" width=\"315\" height=\"320\" sizes=\"auto, 100vw\" loading=\"lazy\" \/>\t\t<\/span>\n\t\t<span class=\"picture-thumbnail cbo-picture-contain\">\n\t\t\t<img decoding=\"async\" src=\"https:\/\/www.elicit-plant.com\/app\/uploads\/sites\/1\/2023\/07\/EliGrain-biais-2.png\"  sizes=\"100vw\" class=\"\" alt=\"EliGrain-a C\u00e9r\u00e9ales\"  loading=\"lazy\" \/>\t\t<\/span>\n\t<\/span>\n\t<h3 class=\"product-title cbo-title-4\">\n\t\tEliGrain-a : Orge\t<\/h3>\n<\/a>\t\t\t<\/div>\n\t\t\t\t\t\t<div class=\"list-el\">\n\t\t\t\t<a href=\"https:\/\/www.elicit-plant.com\/fr\/produits\/elisun-a-tournesol\/\" class=\"cbo-product product--brown\">\n\t<span class=\"product-picture\">\n\t\t<span class=\"picture-background cbo-picture-cover\">\n\t\t\t<img decoding=\"async\" src=\"https:\/\/www.elicit-plant.com\/app\/uploads\/sites\/1\/2023\/07\/img-produit-background-pattern_tournesol@2x-316x320.png\" srcset=\"https:\/\/www.elicit-plant.com\/app\/uploads\/sites\/1\/2023\/07\/img-produit-background-pattern_tournesol@2x.png 768w, https:\/\/www.elicit-plant.com\/app\/uploads\/sites\/1\/2023\/07\/img-produit-background-pattern_tournesol@2x.png 1024w\" class=\"\" alt=\"Fond marron Tournesol\" width=\"316\" height=\"320\" sizes=\"auto, 100vw\" loading=\"lazy\" \/>\t\t<\/span>\n\t\t<span class=\"picture-thumbnail cbo-picture-contain\">\n\t\t\t<img decoding=\"async\" src=\"https:\/\/www.elicit-plant.com\/app\/uploads\/sites\/1\/2023\/07\/EliSun-biais-570x768.png\"  sizes=\"100vw\" class=\"\" alt=\"EliSun-a Tournesol\"  loading=\"lazy\" \/>\t\t<\/span>\n\t<\/span>\n\t<h3 class=\"product-title cbo-title-4\">\n\t\tEliSun-a : Tournesol\t<\/h3>\n<\/a>\t\t\t<\/div>\n\t\t\t\t\t<\/div>\n\n\t<\/div>\n<\/section>\n\n<section class=\"cbo-featuredlinks featuredlinks--colorwhite\">\n\t<div class=\"featuredlinks-inner cbo-container \">\n\n\t\t\t\t\t<h2 class=\"cbo-title-2 featuredlinks-title\">\n\t\t\t\tNos autres actualit\u00e9s\t\t\t<\/h2>\n\t\t\n\t\t<div class=\"featuredlinks-list\" data-anim-group data-group-delay=\"100\">\n\t\t\t\n\t\t\t<div class=\"list-el\">\n\t\t\t\t<a class=\"el-inner\" href=\"https:\/\/www.elicit-plant.com\/fr\/actualites\/elicit-plant-officiellement-labelisee-b-corp-une-reconnaissance-de-notre-engagement-pour-une-agriculture-durable\/\">\n\n\t\t\t\t\t<figure class=\"inner-picture cbo-picture-cover\">\n\t\t\t\t\t\t<img decoding=\"async\" src=\"https:\/\/www.elicit-plant.com\/app\/uploads\/sites\/1\/2025\/01\/Elicit-Plant-officiellement-labelisee-B-Corp-768x428.jpg\" srcset=\"https:\/\/www.elicit-plant.com\/app\/uploads\/sites\/1\/2025\/01\/Elicit-Plant-officiellement-labelisee-B-Corp-320x178.jpg 320w, https:\/\/www.elicit-plant.com\/app\/uploads\/sites\/1\/2025\/01\/Elicit-Plant-officiellement-labelisee-B-Corp-768x428.jpg 840w, https:\/\/www.elicit-plant.com\/app\/uploads\/sites\/1\/2025\/01\/Elicit-Plant-officiellement-labelisee-B-Corp-768x428.jpg 1024w, https:\/\/www.elicit-plant.com\/app\/uploads\/sites\/1\/2025\/01\/Elicit-Plant-officiellement-labelisee-B-Corp-768x428.jpg 1400w\" class=\"\" alt=\"Elicit Plant, officiellement labelis\u00e9e B Corp\u2122 une reconnaissance de notre engagement pour une agriculture durable\" width=\"768\" height=\"428\" sizes=\"auto, 100vw\" loading=\"lazy\" \/>\t\t\t\t\t<\/figure>\n\n\t\t\t\t\t<h3 class=\"inner-title cbo-title-3\">\n\t\t\t\t\t\tElicit Plant, officiellement labelis\u00e9e B Corp\u2122 : une reconnaissance de notre engagement pour une agriculture durable\t\t\t\t\t<\/h3>\n\n\t\t\t\t\t<span class=\"inner-button cbo-buttonmore\">\n\t\t\t\t\t\t<i class=\"icon icon-cross\"><\/i>\n\t\t\t\t\t<\/span>\n\t\t\t\t<\/a>\n\t\t\t<\/div>\n\n\t\t\t\n\t\t\t<div class=\"list-el\">\n\t\t\t\t<a class=\"el-inner\" href=\"https:\/\/www.elicit-plant.com\/fr\/actualites\/elicit-plant-laureat-du-prix-de-la-meilleure-innovation-lors-du-water-agri-innovation-discovery-summit-pour-ses-solutions-de-gestion-de-leau\/\">\n\n\t\t\t\t\t<figure class=\"inner-picture cbo-picture-cover\">\n\t\t\t\t\t\t<img decoding=\"async\" src=\"https:\/\/www.elicit-plant.com\/app\/uploads\/sites\/1\/2024\/11\/EL11181-768x469.jpg\" srcset=\"https:\/\/www.elicit-plant.com\/app\/uploads\/sites\/1\/2024\/11\/EL11181-320x196.jpg 320w, https:\/\/www.elicit-plant.com\/app\/uploads\/sites\/1\/2024\/11\/EL11181-768x469.jpg 840w, https:\/\/www.elicit-plant.com\/app\/uploads\/sites\/1\/2024\/11\/EL11181-768x469.jpg 1024w, https:\/\/www.elicit-plant.com\/app\/uploads\/sites\/1\/2024\/11\/EL11181-768x469.jpg 1400w\" class=\"\" alt=\"prix de la meilleure innovation lors du Water Agri Innovation Discovery Summit\" width=\"768\" height=\"469\" sizes=\"auto, 100vw\" loading=\"lazy\" \/>\t\t\t\t\t<\/figure>\n\n\t\t\t\t\t<h3 class=\"inner-title cbo-title-3\">\n\t\t\t\t\t\tElicit Plant laur\u00e9at du prix de la meilleure innovation lors du Water Agri Innovation Discovery Summit pour ses solutions de gestion de l\u2019eau\t\t\t\t\t<\/h3>\n\n\t\t\t\t\t<span class=\"inner-button cbo-buttonmore\">\n\t\t\t\t\t\t<i class=\"icon icon-cross\"><\/i>\n\t\t\t\t\t<\/span>\n\t\t\t\t<\/a>\n\t\t\t<\/div>\n\n\t\t\t\t\t<\/div>\n\n\t<\/div>\n<\/section>\n","protected":false},"excerpt":{"rendered":"<p>Depuis le 1er novembre 2024, BASF est, en France, le distributeur exclusif d\u2019EliGrain-a et EliSun-a, les deux biosolutions d\u2019Elicit Plant d\u00e9di\u00e9es aux c\u00e9r\u00e9ales et au tournesol. Michel Bazille, directeur des comptes clients pour Elicit Plant, et G\u00e9rard Grellet, responsable national territoires chez BASF, nous expliquent la gen\u00e8se et l\u2019enjeu de ce partenariat.<\/p>\n","protected":false},"featured_media":6459,"template":"","meta":{"_acf_changed":true},"news_category":[],"class_list":["post-6458","news","type-news","status-publish","has-post-thumbnail","hentry"],"acf":[],"yoast_head":"<!-- This site is optimized with the Yoast SEO plugin v27.3 - https:\/\/yoast.com\/product\/yoast-seo-wordpress\/ -->\n<title>Elicit Plant et BASF s\u2019allient pour acc\u00e9l\u00e9rer le d\u00e9ploiement des biosolutions sur c\u00e9r\u00e9ales et tournesol - Elicit Plant France<\/title>\n<meta name=\"description\" content=\"Depuis le 1er novembre 2024, BASF est, en France, le distributeur exclusif d\u2019EliGrain-a et EliSun-a, les deux biosolutions d\u2019Elicit Plant d\u00e9di\u00e9es aux c\u00e9r\u00e9ales et au tournesol. Michel Bazille, directeur des comptes clients pour Elicit Plant, et G\u00e9rard Grellet, responsable national territoires chez BASF, nous expliquent la gen\u00e8se et l\u2019enjeu de ce partenariat.\" \/>\n<meta name=\"robots\" content=\"index, follow, max-snippet:-1, max-image-preview:large, max-video-preview:-1\" \/>\n<link rel=\"canonical\" href=\"https:\/\/www.elicit-plant.com\/fr\/actualites\/elicit-plant-et-basf-sallient-pour-accelerer-le-deploiement-des-biosolutions-sur-cereales-et-tournesol\/\" \/>\n<meta property=\"og:locale\" content=\"fr_FR\" \/>\n<meta property=\"og:type\" content=\"article\" \/>\n<meta property=\"og:title\" content=\"Elicit Plant et BASF s\u2019allient pour acc\u00e9l\u00e9rer le d\u00e9ploiement des biosolutions sur c\u00e9r\u00e9ales et tournesol - Elicit Plant France\" \/>\n<meta property=\"og:description\" content=\"Depuis le 1er novembre 2024, BASF est, en France, le distributeur exclusif d\u2019EliGrain-a et EliSun-a, les deux biosolutions d\u2019Elicit Plant d\u00e9di\u00e9es aux c\u00e9r\u00e9ales et au tournesol. Michel Bazille, directeur des comptes clients pour Elicit Plant, et G\u00e9rard Grellet, responsable national territoires chez BASF, nous expliquent la gen\u00e8se et l\u2019enjeu de ce partenariat.\" \/>\n<meta property=\"og:url\" content=\"https:\/\/www.elicit-plant.com\/fr\/actualites\/elicit-plant-et-basf-sallient-pour-accelerer-le-deploiement-des-biosolutions-sur-cereales-et-tournesol\/\" \/>\n<meta property=\"og:site_name\" content=\"Elicit Plant France\" \/>\n<meta property=\"article:modified_time\" content=\"2025-01-15T15:47:45+00:00\" \/>\n<meta property=\"og:image\" content=\"https:\/\/www.elicit-plant.com\/fr\/wp-content\/uploads\/sites\/1\/2025\/01\/Elicit-Plant-et-BASF.jpg\" \/>\n\t<meta property=\"og:image:width\" content=\"1000\" \/>\n\t<meta property=\"og:image:height\" content=\"600\" \/>\n\t<meta property=\"og:image:type\" content=\"image\/jpeg\" \/>\n<meta name=\"twitter:card\" content=\"summary_large_image\" \/>\n<meta name=\"twitter:label1\" content=\"Dur\u00e9e de lecture estim\u00e9e\" \/>\n\t<meta name=\"twitter:data1\" content=\"1 minute\" \/>\n<script type=\"application\/ld+json\" class=\"yoast-schema-graph\">{\"@context\":\"https:\\\/\\\/schema.org\",\"@graph\":[{\"@type\":\"WebPage\",\"@id\":\"https:\\\/\\\/www.elicit-plant.com\\\/fr\\\/actualites\\\/elicit-plant-et-basf-sallient-pour-accelerer-le-deploiement-des-biosolutions-sur-cereales-et-tournesol\\\/\",\"url\":\"https:\\\/\\\/www.elicit-plant.com\\\/fr\\\/actualites\\\/elicit-plant-et-basf-sallient-pour-accelerer-le-deploiement-des-biosolutions-sur-cereales-et-tournesol\\\/\",\"name\":\"Elicit Plant et BASF s\u2019allient pour acc\u00e9l\u00e9rer le d\u00e9ploiement des biosolutions sur c\u00e9r\u00e9ales et tournesol - Elicit Plant France\",\"isPartOf\":{\"@id\":\"https:\\\/\\\/www.elicit-plant.com\\\/fr\\\/#website\"},\"primaryImageOfPage\":{\"@id\":\"https:\\\/\\\/www.elicit-plant.com\\\/fr\\\/actualites\\\/elicit-plant-et-basf-sallient-pour-accelerer-le-deploiement-des-biosolutions-sur-cereales-et-tournesol\\\/#primaryimage\"},\"image\":{\"@id\":\"https:\\\/\\\/www.elicit-plant.com\\\/fr\\\/actualites\\\/elicit-plant-et-basf-sallient-pour-accelerer-le-deploiement-des-biosolutions-sur-cereales-et-tournesol\\\/#primaryimage\"},\"thumbnailUrl\":\"https:\\\/\\\/www.elicit-plant.com\\\/app\\\/uploads\\\/sites\\\/1\\\/2025\\\/01\\\/Elicit-Plant-et-BASF.jpg\",\"datePublished\":\"2025-01-15T14:32:44+00:00\",\"dateModified\":\"2025-01-15T15:47:45+00:00\",\"description\":\"Depuis le 1er novembre 2024, BASF est, en France, le distributeur exclusif d\u2019EliGrain-a et EliSun-a, les deux biosolutions d\u2019Elicit Plant d\u00e9di\u00e9es aux c\u00e9r\u00e9ales et au tournesol. Michel Bazille, directeur des comptes clients pour Elicit Plant, et G\u00e9rard Grellet, responsable national territoires chez BASF, nous expliquent la gen\u00e8se et l\u2019enjeu de ce partenariat.\",\"breadcrumb\":{\"@id\":\"https:\\\/\\\/www.elicit-plant.com\\\/fr\\\/actualites\\\/elicit-plant-et-basf-sallient-pour-accelerer-le-deploiement-des-biosolutions-sur-cereales-et-tournesol\\\/#breadcrumb\"},\"inLanguage\":\"fr-FR\",\"potentialAction\":[{\"@type\":\"ReadAction\",\"target\":[\"https:\\\/\\\/www.elicit-plant.com\\\/fr\\\/actualites\\\/elicit-plant-et-basf-sallient-pour-accelerer-le-deploiement-des-biosolutions-sur-cereales-et-tournesol\\\/\"]}]},{\"@type\":\"ImageObject\",\"inLanguage\":\"fr-FR\",\"@id\":\"https:\\\/\\\/www.elicit-plant.com\\\/fr\\\/actualites\\\/elicit-plant-et-basf-sallient-pour-accelerer-le-deploiement-des-biosolutions-sur-cereales-et-tournesol\\\/#primaryimage\",\"url\":\"https:\\\/\\\/www.elicit-plant.com\\\/app\\\/uploads\\\/sites\\\/1\\\/2025\\\/01\\\/Elicit-Plant-et-BASF.jpg\",\"contentUrl\":\"https:\\\/\\\/www.elicit-plant.com\\\/app\\\/uploads\\\/sites\\\/1\\\/2025\\\/01\\\/Elicit-Plant-et-BASF.jpg\",\"width\":1000,\"height\":600,\"caption\":\"Elicit Plant et BASF s\u2019allient pour acc\u00e9l\u00e9rer le d\u00e9ploiement des biosolutions sur c\u00e9r\u00e9ales et tournesol\"},{\"@type\":\"BreadcrumbList\",\"@id\":\"https:\\\/\\\/www.elicit-plant.com\\\/fr\\\/actualites\\\/elicit-plant-et-basf-sallient-pour-accelerer-le-deploiement-des-biosolutions-sur-cereales-et-tournesol\\\/#breadcrumb\",\"itemListElement\":[{\"@type\":\"ListItem\",\"position\":1,\"name\":\"Accueil\",\"item\":\"https:\\\/\\\/www.elicit-plant.com\\\/fr\\\/\"},{\"@type\":\"ListItem\",\"position\":2,\"name\":\"Actualit\u00e9s\",\"item\":\"https:\\\/\\\/www.elicit-plant.com\\\/fr\\\/actualites\\\/\"},{\"@type\":\"ListItem\",\"position\":3,\"name\":\"Elicit Plant et BASF s\u2019allient pour acc\u00e9l\u00e9rer le d\u00e9ploiement des biosolutions sur c\u00e9r\u00e9ales et tournesol\"}]},{\"@type\":\"WebSite\",\"@id\":\"https:\\\/\\\/www.elicit-plant.com\\\/fr\\\/#website\",\"url\":\"https:\\\/\\\/www.elicit-plant.com\\\/fr\\\/\",\"name\":\"Elicit Plant France\",\"description\":\"Elicit Plant est experte dans la ma\u00eetrise de l\u2019apport des phytost\u00e9rols sur les cultures en plein champ. En r\u00e9duisant le stress des plantes, cette technologie am\u00e9liore les rendements et pr\u00e9serve les ressources naturelles.\",\"potentialAction\":[{\"@type\":\"SearchAction\",\"target\":{\"@type\":\"EntryPoint\",\"urlTemplate\":\"https:\\\/\\\/www.elicit-plant.com\\\/fr\\\/?s={search_term_string}\"},\"query-input\":{\"@type\":\"PropertyValueSpecification\",\"valueRequired\":true,\"valueName\":\"search_term_string\"}}],\"inLanguage\":\"fr-FR\"}]}<\/script>\n<!-- \/ Yoast SEO plugin. -->","yoast_head_json":{"title":"Elicit Plant et BASF s\u2019allient pour acc\u00e9l\u00e9rer le d\u00e9ploiement des biosolutions sur c\u00e9r\u00e9ales et tournesol - Elicit Plant France","description":"Depuis le 1er novembre 2024, BASF est, en France, le distributeur exclusif d\u2019EliGrain-a et EliSun-a, les deux biosolutions d\u2019Elicit Plant d\u00e9di\u00e9es aux c\u00e9r\u00e9ales et au tournesol. Michel Bazille, directeur des comptes clients pour Elicit Plant, et G\u00e9rard Grellet, responsable national territoires chez BASF, nous expliquent la gen\u00e8se et l\u2019enjeu de ce partenariat.","robots":{"index":"index","follow":"follow","max-snippet":"max-snippet:-1","max-image-preview":"max-image-preview:large","max-video-preview":"max-video-preview:-1"},"canonical":"https:\/\/www.elicit-plant.com\/fr\/actualites\/elicit-plant-et-basf-sallient-pour-accelerer-le-deploiement-des-biosolutions-sur-cereales-et-tournesol\/","og_locale":"fr_FR","og_type":"article","og_title":"Elicit Plant et BASF s\u2019allient pour acc\u00e9l\u00e9rer le d\u00e9ploiement des biosolutions sur c\u00e9r\u00e9ales et tournesol - Elicit Plant France","og_description":"Depuis le 1er novembre 2024, BASF est, en France, le distributeur exclusif d\u2019EliGrain-a et EliSun-a, les deux biosolutions d\u2019Elicit Plant d\u00e9di\u00e9es aux c\u00e9r\u00e9ales et au tournesol. Michel Bazille, directeur des comptes clients pour Elicit Plant, et G\u00e9rard Grellet, responsable national territoires chez BASF, nous expliquent la gen\u00e8se et l\u2019enjeu de ce partenariat.","og_url":"https:\/\/www.elicit-plant.com\/fr\/actualites\/elicit-plant-et-basf-sallient-pour-accelerer-le-deploiement-des-biosolutions-sur-cereales-et-tournesol\/","og_site_name":"Elicit Plant France","article_modified_time":"2025-01-15T15:47:45+00:00","og_image":[{"width":1000,"height":600,"url":"https:\/\/www.elicit-plant.com\/fr\/wp-content\/uploads\/sites\/1\/2025\/01\/Elicit-Plant-et-BASF.jpg","type":"image\/jpeg"}],"twitter_card":"summary_large_image","twitter_misc":{"Dur\u00e9e de lecture estim\u00e9e":"1 minute"},"schema":{"@context":"https:\/\/schema.org","@graph":[{"@type":"WebPage","@id":"https:\/\/www.elicit-plant.com\/fr\/actualites\/elicit-plant-et-basf-sallient-pour-accelerer-le-deploiement-des-biosolutions-sur-cereales-et-tournesol\/","url":"https:\/\/www.elicit-plant.com\/fr\/actualites\/elicit-plant-et-basf-sallient-pour-accelerer-le-deploiement-des-biosolutions-sur-cereales-et-tournesol\/","name":"Elicit Plant et BASF s\u2019allient pour acc\u00e9l\u00e9rer le d\u00e9ploiement des biosolutions sur c\u00e9r\u00e9ales et tournesol - Elicit Plant France","isPartOf":{"@id":"https:\/\/www.elicit-plant.com\/fr\/#website"},"primaryImageOfPage":{"@id":"https:\/\/www.elicit-plant.com\/fr\/actualites\/elicit-plant-et-basf-sallient-pour-accelerer-le-deploiement-des-biosolutions-sur-cereales-et-tournesol\/#primaryimage"},"image":{"@id":"https:\/\/www.elicit-plant.com\/fr\/actualites\/elicit-plant-et-basf-sallient-pour-accelerer-le-deploiement-des-biosolutions-sur-cereales-et-tournesol\/#primaryimage"},"thumbnailUrl":"https:\/\/www.elicit-plant.com\/app\/uploads\/sites\/1\/2025\/01\/Elicit-Plant-et-BASF.jpg","datePublished":"2025-01-15T14:32:44+00:00","dateModified":"2025-01-15T15:47:45+00:00","description":"Depuis le 1er novembre 2024, BASF est, en France, le distributeur exclusif d\u2019EliGrain-a et EliSun-a, les deux biosolutions d\u2019Elicit Plant d\u00e9di\u00e9es aux c\u00e9r\u00e9ales et au tournesol. Michel Bazille, directeur des comptes clients pour Elicit Plant, et G\u00e9rard Grellet, responsable national territoires chez BASF, nous expliquent la gen\u00e8se et l\u2019enjeu de ce partenariat.","breadcrumb":{"@id":"https:\/\/www.elicit-plant.com\/fr\/actualites\/elicit-plant-et-basf-sallient-pour-accelerer-le-deploiement-des-biosolutions-sur-cereales-et-tournesol\/#breadcrumb"},"inLanguage":"fr-FR","potentialAction":[{"@type":"ReadAction","target":["https:\/\/www.elicit-plant.com\/fr\/actualites\/elicit-plant-et-basf-sallient-pour-accelerer-le-deploiement-des-biosolutions-sur-cereales-et-tournesol\/"]}]},{"@type":"ImageObject","inLanguage":"fr-FR","@id":"https:\/\/www.elicit-plant.com\/fr\/actualites\/elicit-plant-et-basf-sallient-pour-accelerer-le-deploiement-des-biosolutions-sur-cereales-et-tournesol\/#primaryimage","url":"https:\/\/www.elicit-plant.com\/app\/uploads\/sites\/1\/2025\/01\/Elicit-Plant-et-BASF.jpg","contentUrl":"https:\/\/www.elicit-plant.com\/app\/uploads\/sites\/1\/2025\/01\/Elicit-Plant-et-BASF.jpg","width":1000,"height":600,"caption":"Elicit Plant et BASF s\u2019allient pour acc\u00e9l\u00e9rer le d\u00e9ploiement des biosolutions sur c\u00e9r\u00e9ales et tournesol"},{"@type":"BreadcrumbList","@id":"https:\/\/www.elicit-plant.com\/fr\/actualites\/elicit-plant-et-basf-sallient-pour-accelerer-le-deploiement-des-biosolutions-sur-cereales-et-tournesol\/#breadcrumb","itemListElement":[{"@type":"ListItem","position":1,"name":"Accueil","item":"https:\/\/www.elicit-plant.com\/fr\/"},{"@type":"ListItem","position":2,"name":"Actualit\u00e9s","item":"https:\/\/www.elicit-plant.com\/fr\/actualites\/"},{"@type":"ListItem","position":3,"name":"Elicit Plant et BASF s\u2019allient pour acc\u00e9l\u00e9rer le d\u00e9ploiement des biosolutions sur c\u00e9r\u00e9ales et tournesol"}]},{"@type":"WebSite","@id":"https:\/\/www.elicit-plant.com\/fr\/#website","url":"https:\/\/www.elicit-plant.com\/fr\/","name":"Elicit Plant France","description":"Elicit Plant est experte dans la ma\u00eetrise de l\u2019apport des phytost\u00e9rols sur les cultures en plein champ. En r\u00e9duisant le stress des plantes, cette technologie am\u00e9liore les rendements et pr\u00e9serve les ressources naturelles.","potentialAction":[{"@type":"SearchAction","target":{"@type":"EntryPoint","urlTemplate":"https:\/\/www.elicit-plant.com\/fr\/?s={search_term_string}"},"query-input":{"@type":"PropertyValueSpecification","valueRequired":true,"valueName":"search_term_string"}}],"inLanguage":"fr-FR"}]}},"_links":{"self":[{"href":"https:\/\/www.elicit-plant.com\/fr\/wp-json\/wp\/v2\/news\/6458","targetHints":{"allow":["GET"]}}],"collection":[{"href":"https:\/\/www.elicit-plant.com\/fr\/wp-json\/wp\/v2\/news"}],"about":[{"href":"https:\/\/www.elicit-plant.com\/fr\/wp-json\/wp\/v2\/types\/news"}],"wp:featuredmedia":[{"embeddable":true,"href":"https:\/\/www.elicit-plant.com\/fr\/wp-json\/wp\/v2\/media\/6459"}],"wp:attachment":[{"href":"https:\/\/www.elicit-plant.com\/fr\/wp-json\/wp\/v2\/media?parent=6458"}],"wp:term":[{"taxonomy":"news_category","embeddable":true,"href":"https:\/\/www.elicit-plant.com\/fr\/wp-json\/wp\/v2\/news_category?post=6458"}],"curies":[{"name":"wp","href":"https:\/\/api.w.org\/{rel}","templated":true}]}}