{"id":1070,"date":"2022-06-17T14:33:00","date_gmt":"2022-06-17T12:33:00","guid":{"rendered":"https:\/\/www.elicit-plant.com\/?p=1070"},"modified":"2024-05-23T17:42:38","modified_gmt":"2024-05-23T15:42:38","slug":"la-secheresse-un-fleau-desormais-mondial","status":"publish","type":"post","link":"https:\/\/www.elicit-plant.com\/fr\/blog\/changement-climatique\/la-secheresse-un-fleau-desormais-mondial\/","title":{"rendered":"La\u00a0s\u00e9cheresse, un fl\u00e9au d\u00e9sormais mondial"},"content":{"rendered":"<section class=\"cbo-picture picture--contained\">\n\t<div class=\"picture-inner cbo-container container--small\">\n\t\t<div class=\"picture-element cbo-picture-cover\">\n\t\t\t<img decoding=\"async\" src=\"https:\/\/www.elicit-plant.com\/app\/uploads\/sites\/1\/2023\/07\/la-secheresse-un-fleau-desormais-mondial.jpeg\" srcset=\"https:\/\/www.elicit-plant.com\/app\/uploads\/sites\/1\/2023\/07\/la-secheresse-un-fleau-desormais-mondial-320x180.jpeg 320w, https:\/\/www.elicit-plant.com\/app\/uploads\/sites\/1\/2023\/07\/la-secheresse-un-fleau-desormais-mondial-768x432.jpeg 840w, https:\/\/www.elicit-plant.com\/app\/uploads\/sites\/1\/2023\/07\/la-secheresse-un-fleau-desormais-mondial.jpeg 1024w, https:\/\/www.elicit-plant.com\/app\/uploads\/sites\/1\/2023\/07\/la-secheresse-un-fleau-desormais-mondial.jpeg 1400w\" class=\"\" alt=\"La s&eacute;cheresse, un fl&eacute;au d&eacute;sormais mondial\" width=\"1000\" height=\"562\" sizes=\"auto, 100vw\" loading=\"lazy\" \/>\t\t<\/div>\n\n\t\t\t\t<div class=\"picture-legend cbo-textlegend\">\n\t\t\tLe manque d\u2019eau va concerner de plus en plus d\u2019agriculteurs mais des leviers existent pour y faire face. (\u00a9Adobe Stock)\t\t<\/div>\n\t\t\t<\/div>\n<\/section>\n\n<section class=\"cbo-text cbo-margin-container\">\n    <div class=\"\n        text-inner\n                cbo-container\n        container--small        \"\n    >\n        <div class=\"text-content cbo-cms cms--large\">\n            <p>Avec l\u2019<strong>acc\u00e9l\u00e9ration du changement climatique<\/strong>, tous les continents sont d\u00e9sormais concern\u00e9s par le\u00a0<strong>manque d\u2019eau<\/strong>. La communaut\u00e9 internationale dans son ensemble doit \u00eatre sensibilis\u00e9e, pour agir de fa\u00e7on concert\u00e9e. Voil\u00e0 pourquoi, le 17 juin 2022 se tient la journ\u00e9e mondiale de lutte contre la d\u00e9sertification et la s\u00e9cheresse\u00a0: un enjeu qui, selon l\u2019Unesco, doit devenir une priorit\u00e9 absolue dans toutes les r\u00e9gions du monde.<\/p>\n<p>Les chiffres des experts pointent tous dans la m\u00eame direction. Depuis 2000, le nombre et la dur\u00e9e des s\u00e9cheresses ont augment\u00e9 de 29\u00a0%\u00a0: cela devrait encore s\u2019accentuer.\u00a0La temp\u00e9rature \u00e0 la surface de la Terre ne cesse de cro\u00eetre depuis 1880, et la derni\u00e8re d\u00e9cennie est plus chaude enregistr\u00e9e depuis le milieu du 19e si\u00e8cle. Selon le dernier rapport de la CNULCD (Convention des Nations Unies sur la Lutte contre la D\u00e9sertification), publi\u00e9 le 11 mai 2022, cette ann\u00e9e, plus de 2,3 milliards de personnes sont ou seront impact\u00e9es par un manque d\u2019eau. Si aucune mesure radicale n\u2019est prise, d\u2019ici \u00e0 2030, plus de 700 millions de personnes seront d\u00e9plac\u00e9es \u00e0 cause du manque d\u2019eau, et donc de nourriture.<\/p>\n<p>&nbsp;<\/p>\n<h2 class=\"wp-block-heading\">Des \u00e9pisodes de s\u00e9cheresse plus nombreux, plus intenses<\/h2>\n<p>La France n\u2019est pas \u00e9pargn\u00e9e par ces ph\u00e9nom\u00e8nes. Les p\u00e9riodes de s\u00e9cheresse et\/ou d\u2019inondation se multiplient et deviennent de plus en plus intenses avec des impacts tr\u00e8s importants sur la qualit\u00e9 et la quantit\u00e9 des r\u00e9coltes. L\u2019Indicateur annuel de<strong>\u00a0s\u00e9cheresse des sols<\/strong>\u00a0en France, publi\u00e9 sur le site ClimatHD, disponible depuis 1959, montre que si les \u00e9v\u00e9nements les plus forts sont ceux de 1976 et de la p\u00e9riode 1989-1990, la tendance \u00e0 l\u2019augmentation de la fr\u00e9quence et de l\u2019intensit\u00e9 des s\u00e9cheresses est sensible depuis la fin des ann\u00e9es 1980. Pour preuve, la r\u00e9p\u00e9tition des \u00e9v\u00e9nements majeurs depuis le d\u00e9but du 21e si\u00e8cle (2003, 2005, 2011, 2017). En fin de si\u00e8cle, les projections de M\u00e9t\u00e9o-France s\u2019accordent ainsi globalement sur un niveau moyen annuel d\u2019humidit\u00e9 des sols correspondant au niveau extr\u00eamement sec de la p\u00e9riode de r\u00e9f\u00e9rence 1961-1990. Le GIEC, de son c\u00f4t\u00e9, alerte\u00a0: \u00e0 la fin du si\u00e8cle, le Sud de la France pourrait avoir un climat proche de celui du Maghreb, avec \u00e0 la cl\u00e9, un changement du paysage agricole \u00e0 l\u2019\u00e9chelle du territoire.<\/p>\n<p>&nbsp;<\/p>\n<h2 class=\"wp-block-heading\">S\u2019adapter en combinant diff\u00e9rentes solutions<\/h2>\n<p>Le monde agricole n\u2019a pas d\u2019autre choix que de s\u2019adapter. Quelle que soit la zone de production, l\u2019eau est, pour les cultures, un bien pr\u00e9cieux. M\u00eame si le manque d\u2019eau ne dure que quelques jours, il peut suffire \u00e0 d\u00e9r\u00e9gler le fonctionnement de la plante et donc, p\u00e9naliser le rendement final.<\/p>\n<p>Des solutions existent pour enrayer, ou du moins, amortir ces al\u00e9as. \u00c0 l\u2019\u00e9chelle de l\u2019exploitation, de nouvelles pratiques sont d\u00e9j\u00e0 mise en place. Parmi celles-ci\u00a0: le choix de cultures et de vari\u00e9t\u00e9s moins gourmandes en eau, l\u2019adaptation des dates de semis et des itin\u00e9raires culturaux pour esquiver les p\u00e9riodes les plus \u00e0 risque, l\u2019optimisation de l\u2019irrigation, le stockage d\u2019eau en hiver quand celui-ci est permis\u2026 et l\u2019usage de\u00a0<strong>biostimulants<\/strong>\u00a0pour aider la plante \u00e0 faire face \u00e0 ces\u00a0<strong>stress abiotiques<\/strong>. L\u2019id\u00e9al\u00a0? Combiner ces solutions, compl\u00e9mentaires.<\/p>\n<p>Pour en savoir plus, t\u00e9l\u00e9chargez le livre blanc consacr\u00e9 au\u00a0<strong>stress hydrique en cultures<\/strong>\u00a0:<\/p>\n<p><a href=\"https:\/\/www.studioagri.fr\/2022\/ElicitPlant\/05_LB\/Formulaire.html\" target=\"_blank\" rel=\"noreferrer noopener\">Changement climatique\u00a0: 4 bonnes pratiques pour produire quand l\u2019eau vient \u00e0 manquer<\/a>.<\/p>\n<hr class=\"wp-block-separator has-alpha-channel-opacity\" \/>\n<div class=\"wp-block-group is-layout-constrained\">\n<p><strong>En chiffres<\/strong><\/p>\n<ul>\n<li>Les zones s\u00e8ches repr\u00e9sentent 40\u00a0% de la superficie de la plan\u00e8te, r\u00e9parties sur l\u2019ensemble des continents.<\/li>\n<li>Ces zones abritent plus de 2 milliards de personnes, pr\u00e8s de la moiti\u00e9 de tous les syst\u00e8mes cultiv\u00e9s sur terre et la moiti\u00e9 du cheptel mondial.<\/li>\n<li>Chaque ann\u00e9e, 12 Mha de terres sont d\u00e9grad\u00e9s. La perte des esp\u00e8ces et services \u00e9cosyst\u00e9miques qui y sont li\u00e9s repr\u00e9senterait pr\u00e8s de 10\u00a0% du PIB mondial annuel.<\/li>\n<\/ul>\n<p>Source\u00a0: Site du minist\u00e8re de l\u2019Europe et des affaires \u00e9trang\u00e8res<\/p>\n<\/div>\n\n            <div style=\"clear: both;\"><\/div>\n        <\/div>\n    <\/div>\n<\/section>\n\n\n<section class=\"cbo-featuredlinks featuredlinks--colorwhite\">\n\t<div class=\"featuredlinks-inner cbo-container \">\n\n\t\t\t\t\t<h2 class=\"cbo-title-2 featuredlinks-title\">\n\t\t\t\tNos autres articles autour du r\u00e9chauffement climatique\t\t\t<\/h2>\n\t\t\n\t\t<div class=\"featuredlinks-list\" data-anim-group data-group-delay=\"100\">\n\t\t\t\n\t\t\t<div class=\"list-el\">\n\t\t\t\t<a class=\"el-inner\" href=\"https:\/\/www.elicit-plant.com\/fr\/blog\/changement-climatique\/france-bresil-ukraine-le-climat-erratique-fait-partout-baisser-les-rendements\/\">\n\n\t\t\t\t\t<figure class=\"inner-picture cbo-picture-cover\">\n\t\t\t\t\t\t<img decoding=\"async\" src=\"https:\/\/www.elicit-plant.com\/app\/uploads\/sites\/1\/2023\/07\/france-bresil-ukraine-le-climat-erratique-fait-partout-baisser-les-rendements-768x432.jpg\" srcset=\"https:\/\/www.elicit-plant.com\/app\/uploads\/sites\/1\/2023\/07\/france-bresil-ukraine-le-climat-erratique-fait-partout-baisser-les-rendements-320x180.jpg 320w, https:\/\/www.elicit-plant.com\/app\/uploads\/sites\/1\/2023\/07\/france-bresil-ukraine-le-climat-erratique-fait-partout-baisser-les-rendements-768x432.jpg 840w, https:\/\/www.elicit-plant.com\/app\/uploads\/sites\/1\/2023\/07\/france-bresil-ukraine-le-climat-erratique-fait-partout-baisser-les-rendements-768x432.jpg 1024w, https:\/\/www.elicit-plant.com\/app\/uploads\/sites\/1\/2023\/07\/france-bresil-ukraine-le-climat-erratique-fait-partout-baisser-les-rendements-768x432.jpg 1400w\" class=\"\" alt=\"France, Br\u00e9sil, Ukraine\u2026 le climat erratique fait partout baisser les rendements\" width=\"768\" height=\"432\" sizes=\"auto, 100vw\" loading=\"lazy\" \/>\t\t\t\t\t<\/figure>\n\n\t\t\t\t\t<h3 class=\"inner-title cbo-title-3\">\n\t\t\t\t\t\tFrance, Br\u00e9sil, Ukraine\u2026 le climat erratique fait partout baisser les rendements\t\t\t\t\t<\/h3>\n\n\t\t\t\t\t<span class=\"inner-button cbo-buttonmore\">\n\t\t\t\t\t\t<i class=\"icon icon-cross\"><\/i>\n\t\t\t\t\t<\/span>\n\t\t\t\t<\/a>\n\t\t\t<\/div>\n\n\t\t\t\n\t\t\t<div class=\"list-el\">\n\t\t\t\t<a class=\"el-inner\" href=\"https:\/\/www.elicit-plant.com\/fr\/blog\/changement-climatique\/le-defi-a-relever-pour-developper-le-soja-francais\/\">\n\n\t\t\t\t\t<figure class=\"inner-picture cbo-picture-cover\">\n\t\t\t\t\t\t<img decoding=\"async\" src=\"https:\/\/www.elicit-plant.com\/app\/uploads\/sites\/1\/2023\/07\/le-defi-a-relever-pour-developper-le-soja-francais-768x432.jpg\" srcset=\"https:\/\/www.elicit-plant.com\/app\/uploads\/sites\/1\/2023\/07\/le-defi-a-relever-pour-developper-le-soja-francais-320x180.jpg 320w, https:\/\/www.elicit-plant.com\/app\/uploads\/sites\/1\/2023\/07\/le-defi-a-relever-pour-developper-le-soja-francais-768x432.jpg 840w, https:\/\/www.elicit-plant.com\/app\/uploads\/sites\/1\/2023\/07\/le-defi-a-relever-pour-developper-le-soja-francais-768x432.jpg 1024w, https:\/\/www.elicit-plant.com\/app\/uploads\/sites\/1\/2023\/07\/le-defi-a-relever-pour-developper-le-soja-francais-768x432.jpg 1400w\" class=\"\" alt=\"Le d\u00e9fi \u00e0 relever pour d\u00e9velopper le soja fran\u00e7ais\" width=\"768\" height=\"432\" sizes=\"auto, 100vw\" loading=\"lazy\" \/>\t\t\t\t\t<\/figure>\n\n\t\t\t\t\t<h3 class=\"inner-title cbo-title-3\">\n\t\t\t\t\t\tLe d\u00e9fi \u00e0 relever pour d\u00e9velopper le soja fran\u00e7ais\t\t\t\t\t<\/h3>\n\n\t\t\t\t\t<span class=\"inner-button cbo-buttonmore\">\n\t\t\t\t\t\t<i class=\"icon icon-cross\"><\/i>\n\t\t\t\t\t<\/span>\n\t\t\t\t<\/a>\n\t\t\t<\/div>\n\n\t\t\t\t\t<\/div>\n\n\t<\/div>\n<\/section>\n","protected":false},"excerpt":{"rendered":"<p>La France, comme la plupart des pays du globe, est confront\u00e9e \u00e0 des p\u00e9riode de s\u00e9cheresse. Ces ph\u00e9nom\u00e8nes devraient, selon les experts, se multiplier et s&rsquo;intensifier. Pour pr\u00e9server la qualit\u00e9 et la quantit\u00e9 des r\u00e9coltes, et assurer la nourriture des populations, il est important de b\u00e2tir des strat\u00e9gies concert\u00e9es. Le monde agricole a un r\u00f4le \u00e0 jouer.<\/p>\n","protected":false},"author":3,"featured_media":1071,"comment_status":"open","ping_status":"open","sticky":false,"template":"","format":"standard","meta":{"_acf_changed":false,"footnotes":""},"categories":[22],"class_list":["post-1070","post","type-post","status-publish","format-standard","has-post-thumbnail","hentry","category-changement-climatique"],"acf":[],"yoast_head":"<!-- This site is optimized with the Yoast SEO plugin v27.3 - https:\/\/yoast.com\/product\/yoast-seo-wordpress\/ -->\n<title>La\u00a0s\u00e9cheresse, un fl\u00e9au d\u00e9sormais mondial - Elicit Plant France<\/title>\n<meta name=\"description\" content=\"Pour faire face \u00e0 la s\u00e9cheresse, pr\u00e9server la qualit\u00e9 et la quantit\u00e9 des r\u00e9coltes, et assurer la nourriture des populations, il est important de b\u00e2tir des strat\u00e9gies concert\u00e9es.\" \/>\n<meta name=\"robots\" content=\"index, follow, max-snippet:-1, max-image-preview:large, max-video-preview:-1\" \/>\n<link rel=\"canonical\" href=\"https:\/\/www.elicit-plant.com\/fr\/blog\/changement-climatique\/la-secheresse-un-fleau-desormais-mondial\/\" \/>\n<meta property=\"og:locale\" content=\"fr_FR\" \/>\n<meta property=\"og:type\" content=\"article\" \/>\n<meta property=\"og:title\" content=\"La\u00a0s\u00e9cheresse, un fl\u00e9au d\u00e9sormais mondial - Elicit Plant France\" \/>\n<meta property=\"og:description\" content=\"Pour faire face \u00e0 la s\u00e9cheresse, pr\u00e9server la qualit\u00e9 et la quantit\u00e9 des r\u00e9coltes, et assurer la nourriture des populations, il est important de b\u00e2tir des strat\u00e9gies concert\u00e9es.\" \/>\n<meta property=\"og:url\" content=\"https:\/\/www.elicit-plant.com\/fr\/blog\/changement-climatique\/la-secheresse-un-fleau-desormais-mondial\/\" \/>\n<meta property=\"og:site_name\" content=\"Elicit Plant France\" \/>\n<meta property=\"article:published_time\" content=\"2022-06-17T12:33:00+00:00\" \/>\n<meta property=\"article:modified_time\" content=\"2024-05-23T15:42:38+00:00\" \/>\n<meta property=\"og:image\" content=\"https:\/\/www.elicit-plant.com\/fr\/wp-content\/uploads\/sites\/1\/2023\/07\/la-secheresse-un-fleau-desormais-mondial.jpeg\" \/>\n\t<meta property=\"og:image:width\" content=\"1000\" \/>\n\t<meta property=\"og:image:height\" content=\"562\" \/>\n\t<meta property=\"og:image:type\" content=\"image\/jpeg\" \/>\n<meta name=\"author\" content=\"olivia\" \/>\n<meta name=\"twitter:card\" content=\"summary_large_image\" \/>\n<meta name=\"twitter:label1\" content=\"\u00c9crit par\" \/>\n\t<meta name=\"twitter:data1\" content=\"olivia\" \/>\n\t<meta name=\"twitter:label2\" content=\"Dur\u00e9e de lecture estim\u00e9e\" \/>\n\t<meta name=\"twitter:data2\" content=\"1 minute\" \/>\n<script type=\"application\/ld+json\" class=\"yoast-schema-graph\">{\"@context\":\"https:\\\/\\\/schema.org\",\"@graph\":[{\"@type\":\"Article\",\"@id\":\"https:\\\/\\\/www.elicit-plant.com\\\/fr\\\/blog\\\/changement-climatique\\\/la-secheresse-un-fleau-desormais-mondial\\\/#article\",\"isPartOf\":{\"@id\":\"https:\\\/\\\/www.elicit-plant.com\\\/fr\\\/blog\\\/changement-climatique\\\/la-secheresse-un-fleau-desormais-mondial\\\/\"},\"author\":{\"name\":\"olivia\",\"@id\":\"https:\\\/\\\/www.elicit-plant.com\\\/fr\\\/#\\\/schema\\\/person\\\/7e80eb958e91aef72ccc6b56160152cc\"},\"headline\":\"La\u00a0s\u00e9cheresse, un fl\u00e9au d\u00e9sormais mondial\",\"datePublished\":\"2022-06-17T12:33:00+00:00\",\"dateModified\":\"2024-05-23T15:42:38+00:00\",\"mainEntityOfPage\":{\"@id\":\"https:\\\/\\\/www.elicit-plant.com\\\/fr\\\/blog\\\/changement-climatique\\\/la-secheresse-un-fleau-desormais-mondial\\\/\"},\"wordCount\":9,\"commentCount\":0,\"image\":{\"@id\":\"https:\\\/\\\/www.elicit-plant.com\\\/fr\\\/blog\\\/changement-climatique\\\/la-secheresse-un-fleau-desormais-mondial\\\/#primaryimage\"},\"thumbnailUrl\":\"https:\\\/\\\/www.elicit-plant.com\\\/app\\\/uploads\\\/sites\\\/1\\\/2023\\\/07\\\/la-secheresse-un-fleau-desormais-mondial.jpeg\",\"articleSection\":[\"Changement climatique\"],\"inLanguage\":\"fr-FR\",\"potentialAction\":[{\"@type\":\"CommentAction\",\"name\":\"Comment\",\"target\":[\"https:\\\/\\\/www.elicit-plant.com\\\/fr\\\/blog\\\/changement-climatique\\\/la-secheresse-un-fleau-desormais-mondial\\\/#respond\"]}]},{\"@type\":\"WebPage\",\"@id\":\"https:\\\/\\\/www.elicit-plant.com\\\/fr\\\/blog\\\/changement-climatique\\\/la-secheresse-un-fleau-desormais-mondial\\\/\",\"url\":\"https:\\\/\\\/www.elicit-plant.com\\\/fr\\\/blog\\\/changement-climatique\\\/la-secheresse-un-fleau-desormais-mondial\\\/\",\"name\":\"La\u00a0s\u00e9cheresse, un fl\u00e9au d\u00e9sormais mondial - Elicit Plant France\",\"isPartOf\":{\"@id\":\"https:\\\/\\\/www.elicit-plant.com\\\/fr\\\/#website\"},\"primaryImageOfPage\":{\"@id\":\"https:\\\/\\\/www.elicit-plant.com\\\/fr\\\/blog\\\/changement-climatique\\\/la-secheresse-un-fleau-desormais-mondial\\\/#primaryimage\"},\"image\":{\"@id\":\"https:\\\/\\\/www.elicit-plant.com\\\/fr\\\/blog\\\/changement-climatique\\\/la-secheresse-un-fleau-desormais-mondial\\\/#primaryimage\"},\"thumbnailUrl\":\"https:\\\/\\\/www.elicit-plant.com\\\/app\\\/uploads\\\/sites\\\/1\\\/2023\\\/07\\\/la-secheresse-un-fleau-desormais-mondial.jpeg\",\"datePublished\":\"2022-06-17T12:33:00+00:00\",\"dateModified\":\"2024-05-23T15:42:38+00:00\",\"author\":{\"@id\":\"https:\\\/\\\/www.elicit-plant.com\\\/fr\\\/#\\\/schema\\\/person\\\/7e80eb958e91aef72ccc6b56160152cc\"},\"description\":\"Pour faire face \u00e0 la s\u00e9cheresse, pr\u00e9server la qualit\u00e9 et la quantit\u00e9 des r\u00e9coltes, et assurer la nourriture des populations, il est important de b\u00e2tir des strat\u00e9gies concert\u00e9es.\",\"breadcrumb\":{\"@id\":\"https:\\\/\\\/www.elicit-plant.com\\\/fr\\\/blog\\\/changement-climatique\\\/la-secheresse-un-fleau-desormais-mondial\\\/#breadcrumb\"},\"inLanguage\":\"fr-FR\",\"potentialAction\":[{\"@type\":\"ReadAction\",\"target\":[\"https:\\\/\\\/www.elicit-plant.com\\\/fr\\\/blog\\\/changement-climatique\\\/la-secheresse-un-fleau-desormais-mondial\\\/\"]}]},{\"@type\":\"ImageObject\",\"inLanguage\":\"fr-FR\",\"@id\":\"https:\\\/\\\/www.elicit-plant.com\\\/fr\\\/blog\\\/changement-climatique\\\/la-secheresse-un-fleau-desormais-mondial\\\/#primaryimage\",\"url\":\"https:\\\/\\\/www.elicit-plant.com\\\/app\\\/uploads\\\/sites\\\/1\\\/2023\\\/07\\\/la-secheresse-un-fleau-desormais-mondial.jpeg\",\"contentUrl\":\"https:\\\/\\\/www.elicit-plant.com\\\/app\\\/uploads\\\/sites\\\/1\\\/2023\\\/07\\\/la-secheresse-un-fleau-desormais-mondial.jpeg\",\"width\":1000,\"height\":562,\"caption\":\"Le manque d\u2019eau va concerner de plus en plus d\u2019agriculteurs mais des leviers existent pour y faire face. (\u00a9Adobe Stock)\"},{\"@type\":\"BreadcrumbList\",\"@id\":\"https:\\\/\\\/www.elicit-plant.com\\\/fr\\\/blog\\\/changement-climatique\\\/la-secheresse-un-fleau-desormais-mondial\\\/#breadcrumb\",\"itemListElement\":[{\"@type\":\"ListItem\",\"position\":1,\"name\":\"Accueil\",\"item\":\"https:\\\/\\\/www.elicit-plant.com\\\/fr\\\/\"},{\"@type\":\"ListItem\",\"position\":2,\"name\":\"Changement climatique\",\"item\":\"https:\\\/\\\/www.elicit-plant.com\\\/fr\\\/blog\\\/changement-climatique\\\/\"},{\"@type\":\"ListItem\",\"position\":3,\"name\":\"La\u00a0s\u00e9cheresse, un fl\u00e9au d\u00e9sormais mondial\"}]},{\"@type\":\"WebSite\",\"@id\":\"https:\\\/\\\/www.elicit-plant.com\\\/fr\\\/#website\",\"url\":\"https:\\\/\\\/www.elicit-plant.com\\\/fr\\\/\",\"name\":\"Elicit Plant France\",\"description\":\"Elicit Plant est experte dans la ma\u00eetrise de l\u2019apport des phytost\u00e9rols sur les cultures en plein champ. En r\u00e9duisant le stress des plantes, cette technologie am\u00e9liore les rendements et pr\u00e9serve les ressources naturelles.\",\"potentialAction\":[{\"@type\":\"SearchAction\",\"target\":{\"@type\":\"EntryPoint\",\"urlTemplate\":\"https:\\\/\\\/www.elicit-plant.com\\\/fr\\\/?s={search_term_string}\"},\"query-input\":{\"@type\":\"PropertyValueSpecification\",\"valueRequired\":true,\"valueName\":\"search_term_string\"}}],\"inLanguage\":\"fr-FR\"},{\"@type\":\"Person\",\"@id\":\"https:\\\/\\\/www.elicit-plant.com\\\/fr\\\/#\\\/schema\\\/person\\\/7e80eb958e91aef72ccc6b56160152cc\",\"name\":\"olivia\",\"image\":{\"@type\":\"ImageObject\",\"inLanguage\":\"fr-FR\",\"@id\":\"https:\\\/\\\/secure.gravatar.com\\\/avatar\\\/99ca09ba14e8585c0c6be0370cbcab9592fb608d91c71f6a698e618f6734d901?s=96&d=mm&r=g\",\"url\":\"https:\\\/\\\/secure.gravatar.com\\\/avatar\\\/99ca09ba14e8585c0c6be0370cbcab9592fb608d91c71f6a698e618f6734d901?s=96&d=mm&r=g\",\"contentUrl\":\"https:\\\/\\\/secure.gravatar.com\\\/avatar\\\/99ca09ba14e8585c0c6be0370cbcab9592fb608d91c71f6a698e618f6734d901?s=96&d=mm&r=g\",\"caption\":\"olivia\"},\"url\":\"https:\\\/\\\/www.elicit-plant.com\\\/fr\\\/blog\\\/author\\\/olivia\\\/\"}]}<\/script>\n<!-- \/ Yoast SEO plugin. -->","yoast_head_json":{"title":"La\u00a0s\u00e9cheresse, un fl\u00e9au d\u00e9sormais mondial - Elicit Plant France","description":"Pour faire face \u00e0 la s\u00e9cheresse, pr\u00e9server la qualit\u00e9 et la quantit\u00e9 des r\u00e9coltes, et assurer la nourriture des populations, il est important de b\u00e2tir des strat\u00e9gies concert\u00e9es.","robots":{"index":"index","follow":"follow","max-snippet":"max-snippet:-1","max-image-preview":"max-image-preview:large","max-video-preview":"max-video-preview:-1"},"canonical":"https:\/\/www.elicit-plant.com\/fr\/blog\/changement-climatique\/la-secheresse-un-fleau-desormais-mondial\/","og_locale":"fr_FR","og_type":"article","og_title":"La\u00a0s\u00e9cheresse, un fl\u00e9au d\u00e9sormais mondial - Elicit Plant France","og_description":"Pour faire face \u00e0 la s\u00e9cheresse, pr\u00e9server la qualit\u00e9 et la quantit\u00e9 des r\u00e9coltes, et assurer la nourriture des populations, il est important de b\u00e2tir des strat\u00e9gies concert\u00e9es.","og_url":"https:\/\/www.elicit-plant.com\/fr\/blog\/changement-climatique\/la-secheresse-un-fleau-desormais-mondial\/","og_site_name":"Elicit Plant France","article_published_time":"2022-06-17T12:33:00+00:00","article_modified_time":"2024-05-23T15:42:38+00:00","og_image":[{"width":1000,"height":562,"url":"https:\/\/www.elicit-plant.com\/fr\/wp-content\/uploads\/sites\/1\/2023\/07\/la-secheresse-un-fleau-desormais-mondial.jpeg","type":"image\/jpeg"}],"author":"olivia","twitter_card":"summary_large_image","twitter_misc":{"\u00c9crit par":"olivia","Dur\u00e9e de lecture estim\u00e9e":"1 minute"},"schema":{"@context":"https:\/\/schema.org","@graph":[{"@type":"Article","@id":"https:\/\/www.elicit-plant.com\/fr\/blog\/changement-climatique\/la-secheresse-un-fleau-desormais-mondial\/#article","isPartOf":{"@id":"https:\/\/www.elicit-plant.com\/fr\/blog\/changement-climatique\/la-secheresse-un-fleau-desormais-mondial\/"},"author":{"name":"olivia","@id":"https:\/\/www.elicit-plant.com\/fr\/#\/schema\/person\/7e80eb958e91aef72ccc6b56160152cc"},"headline":"La\u00a0s\u00e9cheresse, un fl\u00e9au d\u00e9sormais mondial","datePublished":"2022-06-17T12:33:00+00:00","dateModified":"2024-05-23T15:42:38+00:00","mainEntityOfPage":{"@id":"https:\/\/www.elicit-plant.com\/fr\/blog\/changement-climatique\/la-secheresse-un-fleau-desormais-mondial\/"},"wordCount":9,"commentCount":0,"image":{"@id":"https:\/\/www.elicit-plant.com\/fr\/blog\/changement-climatique\/la-secheresse-un-fleau-desormais-mondial\/#primaryimage"},"thumbnailUrl":"https:\/\/www.elicit-plant.com\/app\/uploads\/sites\/1\/2023\/07\/la-secheresse-un-fleau-desormais-mondial.jpeg","articleSection":["Changement climatique"],"inLanguage":"fr-FR","potentialAction":[{"@type":"CommentAction","name":"Comment","target":["https:\/\/www.elicit-plant.com\/fr\/blog\/changement-climatique\/la-secheresse-un-fleau-desormais-mondial\/#respond"]}]},{"@type":"WebPage","@id":"https:\/\/www.elicit-plant.com\/fr\/blog\/changement-climatique\/la-secheresse-un-fleau-desormais-mondial\/","url":"https:\/\/www.elicit-plant.com\/fr\/blog\/changement-climatique\/la-secheresse-un-fleau-desormais-mondial\/","name":"La\u00a0s\u00e9cheresse, un fl\u00e9au d\u00e9sormais mondial - Elicit Plant France","isPartOf":{"@id":"https:\/\/www.elicit-plant.com\/fr\/#website"},"primaryImageOfPage":{"@id":"https:\/\/www.elicit-plant.com\/fr\/blog\/changement-climatique\/la-secheresse-un-fleau-desormais-mondial\/#primaryimage"},"image":{"@id":"https:\/\/www.elicit-plant.com\/fr\/blog\/changement-climatique\/la-secheresse-un-fleau-desormais-mondial\/#primaryimage"},"thumbnailUrl":"https:\/\/www.elicit-plant.com\/app\/uploads\/sites\/1\/2023\/07\/la-secheresse-un-fleau-desormais-mondial.jpeg","datePublished":"2022-06-17T12:33:00+00:00","dateModified":"2024-05-23T15:42:38+00:00","author":{"@id":"https:\/\/www.elicit-plant.com\/fr\/#\/schema\/person\/7e80eb958e91aef72ccc6b56160152cc"},"description":"Pour faire face \u00e0 la s\u00e9cheresse, pr\u00e9server la qualit\u00e9 et la quantit\u00e9 des r\u00e9coltes, et assurer la nourriture des populations, il est important de b\u00e2tir des strat\u00e9gies concert\u00e9es.","breadcrumb":{"@id":"https:\/\/www.elicit-plant.com\/fr\/blog\/changement-climatique\/la-secheresse-un-fleau-desormais-mondial\/#breadcrumb"},"inLanguage":"fr-FR","potentialAction":[{"@type":"ReadAction","target":["https:\/\/www.elicit-plant.com\/fr\/blog\/changement-climatique\/la-secheresse-un-fleau-desormais-mondial\/"]}]},{"@type":"ImageObject","inLanguage":"fr-FR","@id":"https:\/\/www.elicit-plant.com\/fr\/blog\/changement-climatique\/la-secheresse-un-fleau-desormais-mondial\/#primaryimage","url":"https:\/\/www.elicit-plant.com\/app\/uploads\/sites\/1\/2023\/07\/la-secheresse-un-fleau-desormais-mondial.jpeg","contentUrl":"https:\/\/www.elicit-plant.com\/app\/uploads\/sites\/1\/2023\/07\/la-secheresse-un-fleau-desormais-mondial.jpeg","width":1000,"height":562,"caption":"Le manque d\u2019eau va concerner de plus en plus d\u2019agriculteurs mais des leviers existent pour y faire face. (\u00a9Adobe Stock)"},{"@type":"BreadcrumbList","@id":"https:\/\/www.elicit-plant.com\/fr\/blog\/changement-climatique\/la-secheresse-un-fleau-desormais-mondial\/#breadcrumb","itemListElement":[{"@type":"ListItem","position":1,"name":"Accueil","item":"https:\/\/www.elicit-plant.com\/fr\/"},{"@type":"ListItem","position":2,"name":"Changement climatique","item":"https:\/\/www.elicit-plant.com\/fr\/blog\/changement-climatique\/"},{"@type":"ListItem","position":3,"name":"La\u00a0s\u00e9cheresse, un fl\u00e9au d\u00e9sormais mondial"}]},{"@type":"WebSite","@id":"https:\/\/www.elicit-plant.com\/fr\/#website","url":"https:\/\/www.elicit-plant.com\/fr\/","name":"Elicit Plant France","description":"Elicit Plant est experte dans la ma\u00eetrise de l\u2019apport des phytost\u00e9rols sur les cultures en plein champ. En r\u00e9duisant le stress des plantes, cette technologie am\u00e9liore les rendements et pr\u00e9serve les ressources naturelles.","potentialAction":[{"@type":"SearchAction","target":{"@type":"EntryPoint","urlTemplate":"https:\/\/www.elicit-plant.com\/fr\/?s={search_term_string}"},"query-input":{"@type":"PropertyValueSpecification","valueRequired":true,"valueName":"search_term_string"}}],"inLanguage":"fr-FR"},{"@type":"Person","@id":"https:\/\/www.elicit-plant.com\/fr\/#\/schema\/person\/7e80eb958e91aef72ccc6b56160152cc","name":"olivia","image":{"@type":"ImageObject","inLanguage":"fr-FR","@id":"https:\/\/secure.gravatar.com\/avatar\/99ca09ba14e8585c0c6be0370cbcab9592fb608d91c71f6a698e618f6734d901?s=96&d=mm&r=g","url":"https:\/\/secure.gravatar.com\/avatar\/99ca09ba14e8585c0c6be0370cbcab9592fb608d91c71f6a698e618f6734d901?s=96&d=mm&r=g","contentUrl":"https:\/\/secure.gravatar.com\/avatar\/99ca09ba14e8585c0c6be0370cbcab9592fb608d91c71f6a698e618f6734d901?s=96&d=mm&r=g","caption":"olivia"},"url":"https:\/\/www.elicit-plant.com\/fr\/blog\/author\/olivia\/"}]}},"_links":{"self":[{"href":"https:\/\/www.elicit-plant.com\/fr\/wp-json\/wp\/v2\/posts\/1070","targetHints":{"allow":["GET"]}}],"collection":[{"href":"https:\/\/www.elicit-plant.com\/fr\/wp-json\/wp\/v2\/posts"}],"about":[{"href":"https:\/\/www.elicit-plant.com\/fr\/wp-json\/wp\/v2\/types\/post"}],"author":[{"embeddable":true,"href":"https:\/\/www.elicit-plant.com\/fr\/wp-json\/wp\/v2\/users\/3"}],"replies":[{"embeddable":true,"href":"https:\/\/www.elicit-plant.com\/fr\/wp-json\/wp\/v2\/comments?post=1070"}],"version-history":[{"count":8,"href":"https:\/\/www.elicit-plant.com\/fr\/wp-json\/wp\/v2\/posts\/1070\/revisions"}],"predecessor-version":[{"id":4968,"href":"https:\/\/www.elicit-plant.com\/fr\/wp-json\/wp\/v2\/posts\/1070\/revisions\/4968"}],"wp:featuredmedia":[{"embeddable":true,"href":"https:\/\/www.elicit-plant.com\/fr\/wp-json\/wp\/v2\/media\/1071"}],"wp:attachment":[{"href":"https:\/\/www.elicit-plant.com\/fr\/wp-json\/wp\/v2\/media?parent=1070"}],"wp:term":[{"taxonomy":"category","embeddable":true,"href":"https:\/\/www.elicit-plant.com\/fr\/wp-json\/wp\/v2\/categories?post=1070"}],"curies":[{"name":"wp","href":"https:\/\/api.w.org\/{rel}","templated":true}]}}