{"id":909,"date":"2021-03-22T14:43:00","date_gmt":"2021-03-22T13:43:00","guid":{"rendered":"https:\/\/www.elicit-plant.com\/?p=909"},"modified":"2024-02-20T14:12:34","modified_gmt":"2024-02-20T13:12:34","slug":"developper-le-soja-pour-gagner-en-autonomie-proteique-si-possible","status":"publish","type":"post","link":"https:\/\/www.elicit-plant.com\/fr\/blog\/transition-agroecologique\/developper-le-soja-pour-gagner-en-autonomie-proteique-si-possible\/","title":{"rendered":"D\u00e9velopper le soja pour gagner en autonomie prot\u00e9ique\u2026 si possible"},"content":{"rendered":"<section class=\"cbo-picture picture--contained\">\n\t<div class=\"picture-inner cbo-container container--small\">\n\t\t<div class=\"picture-element cbo-picture-cover\">\n\t\t\t<img decoding=\"async\" src=\"https:\/\/www.elicit-plant.com\/app\/uploads\/sites\/1\/2023\/07\/developper-le-soja-pour-gagner-en-antonomie-proteique-si-possible.jpg\" srcset=\"https:\/\/www.elicit-plant.com\/app\/uploads\/sites\/1\/2023\/07\/developper-le-soja-pour-gagner-en-antonomie-proteique-si-possible-320x180.jpg 320w, https:\/\/www.elicit-plant.com\/app\/uploads\/sites\/1\/2023\/07\/developper-le-soja-pour-gagner-en-antonomie-proteique-si-possible-768x431.jpg 840w, https:\/\/www.elicit-plant.com\/app\/uploads\/sites\/1\/2023\/07\/developper-le-soja-pour-gagner-en-antonomie-proteique-si-possible.jpg 1024w, https:\/\/www.elicit-plant.com\/app\/uploads\/sites\/1\/2023\/07\/developper-le-soja-pour-gagner-en-antonomie-proteique-si-possible.jpg 1400w\" class=\"\" alt=\"Jeunes plants de soja poussant dans un champ cultiv&eacute;, rang&eacute;es de soja dans un champ agricole au coucher du soleil, mise au point s&eacute;lective\" width=\"1000\" height=\"561\" sizes=\"auto, 100vw\" loading=\"lazy\" \/>\t\t<\/div>\n\n\t\t\t<\/div>\n<\/section>\n\n<section class=\"cbo-text cbo-margin-container\">\n    <div class=\"\n        text-inner\n                cbo-container\n        container--small        \"\n    >\n        <div class=\"text-content cbo-cms cms--large\">\n            <p>Le soja est une plante connue pour sa teneur en huile mais surtout pour sa teneur en prot\u00e9ines. Cette plante, originaire de Chine, a pris une place tr\u00e8s importante dans l\u2019alimentation animale apr\u00e8s la deuxi\u00e8me guerre mondiale. Par sa richesse en prot\u00e9ines, il vient \u00e9quilibrer les rations des animaux en contrebalan\u00e7ant l\u2019apport \u00e9nerg\u00e9tique que peuvent fournir les c\u00e9r\u00e9ales. En production biologique, le soja est devenu, en 2017, le premier ol\u00e9o-prot\u00e9agineux cultiv\u00e9 en France avec 17\u00a0612\u00a0ha, avant le tournesol (16\u00a0148\u00a0ha)\u00a0et\u00a0la f\u00e9verole (10\u00a0033\u00a0ha). Et ce n\u2019est pas pour rien\u00a0! Le soja apporte une autonomie prot\u00e9ique \u00e0 l\u2019agriculteur et donc une plus grande ind\u00e9pendance vis-\u00e0-vis des march\u00e9s mondiaux.<\/p>\n<p>&nbsp;<\/p>\n<h2 class=\"wp-block-heading\">Une plante et des enjeux internationaux<\/h2>\n<p>Les Am\u00e9ricains avaient compris l\u2019int\u00e9r\u00eat de cette plante d\u00e8s les ann\u00e9es 1930 et, \u00ab\u00a0en de nombreuses occasions\u00a0\u00bb, ils ont \u00ab\u00a0menac\u00e9 de r\u00e9torsions les Europ\u00e9ens si des aides ou des protections \u00e9taient accord\u00e9es \u00e0 la\u00a0<a href=\"https:\/\/cdn3.regie-agricole.com\/ulf\/\/smediadata12\/ulf\/CMS_Content\/1\/articles\/177054\/elicit-plant-fiche-best-a-v10.pdf\" target=\"_blank\" rel=\"noreferrer noopener\">production de soja<\/a>\u00a0en Europe\u00a0\u00bb, expliquait, d\u00e8s 1976, Jean-Pierre Berlan, Jean-Pierre Bertrand et Laurence Lebas, chercheurs \u00e0 l\u2019Institut national de recherche agronomique\u00a0(Inra).\u00a0D\u2019apr\u00e8s ces derniers, si dans le d\u00e9veloppement de leurs \u00e9levages, les \u00ab\u00a0Etats-Unis ont toujours march\u00e9 sur deux jambes\u00a0\u00bb, ma\u00efs et soja, \u00ab\u00a0l\u2019Europe, elle, n\u2019en avait qu\u2019une\u00a0\u00bb. Des accords internationaux, notamment au sein du General agreement on tariffs and trade (GATT), avait valid\u00e9 ce fonctionnement dans les ann\u00e9es 60. En 2020, Sylvain Pellerin, directeur de recherches \u00e0 l\u2019Inra constatait\u00a0: \u00ab\u00a0La production nationale d\u2019aliments riches en prot\u00e9ines ne couvre qu\u2019environ 50\u00a0% des besoins des \u00e9levages\u00a0\u00bb en France. Et de continuer\u00a0: \u00ab\u00a0Ce d\u00e9ficit persistant est d\u00fb \u00e0 la faiblesse des surfaces en prot\u00e9agineux et l\u00e9gumineuses fourrag\u00e8res. [\u2026] L\u2019importation massive d\u2019aliments riches en prot\u00e9ines rend les \u00e9levages vuln\u00e9rables \u00e0 la volatilit\u00e9 des march\u00e9s.\u00a0\u00bb<\/p>\n<h2 class=\"wp-block-heading\">Une autonomie prot\u00e9ique \u00e0 diff\u00e9rentes \u00e9chelles<\/h2>\n<p>Aujourd\u2019hui, la France cherche \u00e0 retrouver une autonomie prot\u00e9ique sur le plan international, \u00e0 l\u2019image de ses agriculteurs au niveau de leurs exploitations. Dans ce but et \u00e0 la suite des \u00c9tats g\u00e9n\u00e9raux de l\u2019alimentation de 2017, la France a lanc\u00e9 en 2020 son \u00ab\u00a0plan prot\u00e9ines v\u00e9g\u00e9tales\u00a0\u00bb. Une partie de ce plan est consacr\u00e9 \u00e0 un \u00ab\u00a0appel \u00e0 projet qui vise \u00e0 accro\u00eetre l\u2019ind\u00e9pendance de la France pour son approvisionnement en prot\u00e9ines v\u00e9g\u00e9tales destin\u00e9es \u00e0 l\u2019alimentation humaine et animale, en accompagnant, notamment, la structuration des fili\u00e8res et les investissements post-r\u00e9colte\u00a0\u00bb.<\/p>\n<p>Pour autant, m\u00eame si le gouvernement veut gagner\u00a0<a href=\"https:\/\/www.elicit-plant.com\/fr\/\" target=\"_blank\" rel=\"noreferrer noopener\">en autonomie prot\u00e9ique<\/a>, le changement climatique avec ses accidents m\u00e9t\u00e9orologiques \u00e0 r\u00e9p\u00e9tition, notamment les s\u00e9cheresses, interroge quant \u00e0 un r\u00e9el d\u00e9veloppement des surfaces. En France, le soja est particuli\u00e8rement cultiv\u00e9 dans le Sud-Ouest et le Nord-Est, des zones qui ont \u00e9t\u00e9 fortement atteintes par le manque d\u2019eau ces derni\u00e8res ann\u00e9es. M\u00eame si certaines r\u00e9gions ont encore des \u00e9pisodes pluvieux en \u00e9t\u00e9, comme les Landes ou le Pays Basque, d\u2019autres restent \u00e0 sec avec des restrictions importantes d\u2019irrigation.<\/p>\n<h2 class=\"wp-block-heading\">En sec, les rendements baissent fortement<\/h2>\n<p>Ces \u00e9pisodes de s\u00e9cheresse ont un impact sur les rendements. Ils sont plus faibles et avec une variabilit\u00e9 accrue. En 2019, Terres Inovia constatait\u00a0: \u00ab\u00a0Le rendement national d\u2019environ 26\u00a0q\/ha obtenu constitue une bonne performance au regard de la moyenne quinquennale (26,5\u00a0q\/ha) [\u2026]. En conduite irrigu\u00e9e, les rendements avoisinent jusqu\u2019aux 45\u00a0q\/ha dans les sols profonds du bassin Est et s\u2019\u00e9l\u00e8vent en moyenne \u00e0 35\u00a0q\/ha \u00e0 l\u2019\u00e9chelle nationale tandis qu\u2019en sec ils sont plus h\u00e9t\u00e9rog\u00e8nes et tr\u00e8s li\u00e9s aux conditions de sol et de pluviom\u00e9trie.\u00a0\u00bb L\u2019institut technique pr\u00e9cise que, globalement, \u00ab\u00a0dans le Sud, hormis les situations peu contraintes en eau, le risque d\u2019obtenir des rendements de soja inf\u00e9rieurs \u00e0 15\u00a0q\/ha est \u00e9lev\u00e9 en sec\u00a0\u00bb. Trouver\u00a0des solutions pour am\u00e9liorer la gestion du stress hydrique\u00a0v\u00e9cue par la plante est strat\u00e9gique \u00e0 l\u2019\u00e9chelon de l\u2019exploitation comme du territoire.<\/p>\n\n            <div style=\"clear: both;\"><\/div>\n        <\/div>\n    <\/div>\n<\/section>\n","protected":false},"excerpt":{"rendered":"<p>Du fait de son int\u00e9r\u00eat en production animale, le soja est entr\u00e9, tr\u00e8s t\u00f4t, dans les \u00e9changes politiques mondiaux. D\u00e9pendante des importations, la France souhaite aujourd\u2019hui d\u00e9velopper cette culture pour gagner en autonomie prot\u00e9ique. Pour autant, les s\u00e9cheresses \u00e0 r\u00e9p\u00e9tition risquent de freiner l\u2019engouement.<\/p>\n","protected":false},"author":3,"featured_media":910,"comment_status":"open","ping_status":"open","sticky":false,"template":"","format":"standard","meta":{"_acf_changed":false,"footnotes":""},"categories":[20],"class_list":["post-909","post","type-post","status-publish","format-standard","has-post-thumbnail","hentry","category-transition-agroecologique"],"acf":[],"yoast_head":"<!-- This site is optimized with the Yoast SEO plugin v27.3 - https:\/\/yoast.com\/product\/yoast-seo-wordpress\/ -->\n<title>D\u00e9velopper le soja pour gagner en autonomie prot\u00e9ique\u2026 si possible - Elicit Plant France<\/title>\n<meta name=\"description\" content=\"La France souhaite d\u00e9velopper cette culture pour gagner en autonomie prot\u00e9ique. Pour autant, les s\u00e9cheresses \u00e0 r\u00e9p\u00e9tition risquent de freiner l\u2019engouement\" \/>\n<meta name=\"robots\" content=\"index, follow, max-snippet:-1, max-image-preview:large, max-video-preview:-1\" \/>\n<link rel=\"canonical\" href=\"https:\/\/www.elicit-plant.com\/fr\/blog\/transition-agroecologique\/developper-le-soja-pour-gagner-en-autonomie-proteique-si-possible\/\" \/>\n<meta property=\"og:locale\" content=\"fr_FR\" \/>\n<meta property=\"og:type\" content=\"article\" \/>\n<meta property=\"og:title\" content=\"D\u00e9velopper le soja pour gagner en autonomie prot\u00e9ique\u2026 si possible - Elicit Plant France\" \/>\n<meta property=\"og:description\" content=\"La France souhaite d\u00e9velopper cette culture pour gagner en autonomie prot\u00e9ique. Pour autant, les s\u00e9cheresses \u00e0 r\u00e9p\u00e9tition risquent de freiner l\u2019engouement\" \/>\n<meta property=\"og:url\" content=\"https:\/\/www.elicit-plant.com\/fr\/blog\/transition-agroecologique\/developper-le-soja-pour-gagner-en-autonomie-proteique-si-possible\/\" \/>\n<meta property=\"og:site_name\" content=\"Elicit Plant France\" \/>\n<meta property=\"article:published_time\" content=\"2021-03-22T13:43:00+00:00\" \/>\n<meta property=\"article:modified_time\" content=\"2024-02-20T13:12:34+00:00\" \/>\n<meta property=\"og:image\" content=\"https:\/\/www.elicit-plant.com\/fr\/wp-content\/uploads\/sites\/1\/2023\/07\/developper-le-soja-pour-gagner-en-antonomie-proteique-si-possible.jpg\" \/>\n\t<meta property=\"og:image:width\" content=\"1000\" \/>\n\t<meta property=\"og:image:height\" content=\"561\" \/>\n\t<meta property=\"og:image:type\" content=\"image\/jpeg\" \/>\n<meta name=\"author\" content=\"olivia\" \/>\n<meta name=\"twitter:card\" content=\"summary_large_image\" \/>\n<meta name=\"twitter:label1\" content=\"\u00c9crit par\" \/>\n\t<meta name=\"twitter:data1\" content=\"olivia\" \/>\n\t<meta name=\"twitter:label2\" content=\"Dur\u00e9e de lecture estim\u00e9e\" \/>\n\t<meta name=\"twitter:data2\" content=\"1 minute\" \/>\n<script type=\"application\/ld+json\" class=\"yoast-schema-graph\">{\"@context\":\"https:\\\/\\\/schema.org\",\"@graph\":[{\"@type\":\"Article\",\"@id\":\"https:\\\/\\\/www.elicit-plant.com\\\/fr\\\/blog\\\/transition-agroecologique\\\/developper-le-soja-pour-gagner-en-autonomie-proteique-si-possible\\\/#article\",\"isPartOf\":{\"@id\":\"https:\\\/\\\/www.elicit-plant.com\\\/fr\\\/blog\\\/transition-agroecologique\\\/developper-le-soja-pour-gagner-en-autonomie-proteique-si-possible\\\/\"},\"author\":{\"name\":\"olivia\",\"@id\":\"https:\\\/\\\/www.elicit-plant.com\\\/fr\\\/#\\\/schema\\\/person\\\/7e80eb958e91aef72ccc6b56160152cc\"},\"headline\":\"D\u00e9velopper le soja pour gagner en autonomie prot\u00e9ique\u2026 si possible\",\"datePublished\":\"2021-03-22T13:43:00+00:00\",\"dateModified\":\"2024-02-20T13:12:34+00:00\",\"mainEntityOfPage\":{\"@id\":\"https:\\\/\\\/www.elicit-plant.com\\\/fr\\\/blog\\\/transition-agroecologique\\\/developper-le-soja-pour-gagner-en-autonomie-proteique-si-possible\\\/\"},\"wordCount\":12,\"commentCount\":0,\"image\":{\"@id\":\"https:\\\/\\\/www.elicit-plant.com\\\/fr\\\/blog\\\/transition-agroecologique\\\/developper-le-soja-pour-gagner-en-autonomie-proteique-si-possible\\\/#primaryimage\"},\"thumbnailUrl\":\"https:\\\/\\\/www.elicit-plant.com\\\/app\\\/uploads\\\/sites\\\/1\\\/2023\\\/07\\\/developper-le-soja-pour-gagner-en-antonomie-proteique-si-possible.jpg\",\"articleSection\":[\"Transition agro\u00e9cologique\"],\"inLanguage\":\"fr-FR\",\"potentialAction\":[{\"@type\":\"CommentAction\",\"name\":\"Comment\",\"target\":[\"https:\\\/\\\/www.elicit-plant.com\\\/fr\\\/blog\\\/transition-agroecologique\\\/developper-le-soja-pour-gagner-en-autonomie-proteique-si-possible\\\/#respond\"]}]},{\"@type\":\"WebPage\",\"@id\":\"https:\\\/\\\/www.elicit-plant.com\\\/fr\\\/blog\\\/transition-agroecologique\\\/developper-le-soja-pour-gagner-en-autonomie-proteique-si-possible\\\/\",\"url\":\"https:\\\/\\\/www.elicit-plant.com\\\/fr\\\/blog\\\/transition-agroecologique\\\/developper-le-soja-pour-gagner-en-autonomie-proteique-si-possible\\\/\",\"name\":\"D\u00e9velopper le soja pour gagner en autonomie prot\u00e9ique\u2026 si possible - Elicit Plant France\",\"isPartOf\":{\"@id\":\"https:\\\/\\\/www.elicit-plant.com\\\/fr\\\/#website\"},\"primaryImageOfPage\":{\"@id\":\"https:\\\/\\\/www.elicit-plant.com\\\/fr\\\/blog\\\/transition-agroecologique\\\/developper-le-soja-pour-gagner-en-autonomie-proteique-si-possible\\\/#primaryimage\"},\"image\":{\"@id\":\"https:\\\/\\\/www.elicit-plant.com\\\/fr\\\/blog\\\/transition-agroecologique\\\/developper-le-soja-pour-gagner-en-autonomie-proteique-si-possible\\\/#primaryimage\"},\"thumbnailUrl\":\"https:\\\/\\\/www.elicit-plant.com\\\/app\\\/uploads\\\/sites\\\/1\\\/2023\\\/07\\\/developper-le-soja-pour-gagner-en-antonomie-proteique-si-possible.jpg\",\"datePublished\":\"2021-03-22T13:43:00+00:00\",\"dateModified\":\"2024-02-20T13:12:34+00:00\",\"author\":{\"@id\":\"https:\\\/\\\/www.elicit-plant.com\\\/fr\\\/#\\\/schema\\\/person\\\/7e80eb958e91aef72ccc6b56160152cc\"},\"description\":\"La France souhaite d\u00e9velopper cette culture pour gagner en autonomie prot\u00e9ique. Pour autant, les s\u00e9cheresses \u00e0 r\u00e9p\u00e9tition risquent de freiner l\u2019engouement\",\"breadcrumb\":{\"@id\":\"https:\\\/\\\/www.elicit-plant.com\\\/fr\\\/blog\\\/transition-agroecologique\\\/developper-le-soja-pour-gagner-en-autonomie-proteique-si-possible\\\/#breadcrumb\"},\"inLanguage\":\"fr-FR\",\"potentialAction\":[{\"@type\":\"ReadAction\",\"target\":[\"https:\\\/\\\/www.elicit-plant.com\\\/fr\\\/blog\\\/transition-agroecologique\\\/developper-le-soja-pour-gagner-en-autonomie-proteique-si-possible\\\/\"]}]},{\"@type\":\"ImageObject\",\"inLanguage\":\"fr-FR\",\"@id\":\"https:\\\/\\\/www.elicit-plant.com\\\/fr\\\/blog\\\/transition-agroecologique\\\/developper-le-soja-pour-gagner-en-autonomie-proteique-si-possible\\\/#primaryimage\",\"url\":\"https:\\\/\\\/www.elicit-plant.com\\\/app\\\/uploads\\\/sites\\\/1\\\/2023\\\/07\\\/developper-le-soja-pour-gagner-en-antonomie-proteique-si-possible.jpg\",\"contentUrl\":\"https:\\\/\\\/www.elicit-plant.com\\\/app\\\/uploads\\\/sites\\\/1\\\/2023\\\/07\\\/developper-le-soja-pour-gagner-en-antonomie-proteique-si-possible.jpg\",\"width\":1000,\"height\":561,\"caption\":\"Jeunes plants de soja poussant dans un champ cultiv\u00e9, rang\u00e9es de soja dans un champ agricole au coucher du soleil, mise au point s\u00e9lective\"},{\"@type\":\"BreadcrumbList\",\"@id\":\"https:\\\/\\\/www.elicit-plant.com\\\/fr\\\/blog\\\/transition-agroecologique\\\/developper-le-soja-pour-gagner-en-autonomie-proteique-si-possible\\\/#breadcrumb\",\"itemListElement\":[{\"@type\":\"ListItem\",\"position\":1,\"name\":\"Accueil\",\"item\":\"https:\\\/\\\/www.elicit-plant.com\\\/fr\\\/\"},{\"@type\":\"ListItem\",\"position\":2,\"name\":\"Transition agro\u00e9cologique\",\"item\":\"https:\\\/\\\/www.elicit-plant.com\\\/fr\\\/blog\\\/transition-agroecologique\\\/\"},{\"@type\":\"ListItem\",\"position\":3,\"name\":\"D\u00e9velopper le soja pour gagner en autonomie prot\u00e9ique\u2026 si possible\"}]},{\"@type\":\"WebSite\",\"@id\":\"https:\\\/\\\/www.elicit-plant.com\\\/fr\\\/#website\",\"url\":\"https:\\\/\\\/www.elicit-plant.com\\\/fr\\\/\",\"name\":\"Elicit Plant France\",\"description\":\"Elicit Plant est experte dans la ma\u00eetrise de l\u2019apport des phytost\u00e9rols sur les cultures en plein champ. En r\u00e9duisant le stress des plantes, cette technologie am\u00e9liore les rendements et pr\u00e9serve les ressources naturelles.\",\"potentialAction\":[{\"@type\":\"SearchAction\",\"target\":{\"@type\":\"EntryPoint\",\"urlTemplate\":\"https:\\\/\\\/www.elicit-plant.com\\\/fr\\\/?s={search_term_string}\"},\"query-input\":{\"@type\":\"PropertyValueSpecification\",\"valueRequired\":true,\"valueName\":\"search_term_string\"}}],\"inLanguage\":\"fr-FR\"},{\"@type\":\"Person\",\"@id\":\"https:\\\/\\\/www.elicit-plant.com\\\/fr\\\/#\\\/schema\\\/person\\\/7e80eb958e91aef72ccc6b56160152cc\",\"name\":\"olivia\",\"image\":{\"@type\":\"ImageObject\",\"inLanguage\":\"fr-FR\",\"@id\":\"https:\\\/\\\/secure.gravatar.com\\\/avatar\\\/99ca09ba14e8585c0c6be0370cbcab9592fb608d91c71f6a698e618f6734d901?s=96&d=mm&r=g\",\"url\":\"https:\\\/\\\/secure.gravatar.com\\\/avatar\\\/99ca09ba14e8585c0c6be0370cbcab9592fb608d91c71f6a698e618f6734d901?s=96&d=mm&r=g\",\"contentUrl\":\"https:\\\/\\\/secure.gravatar.com\\\/avatar\\\/99ca09ba14e8585c0c6be0370cbcab9592fb608d91c71f6a698e618f6734d901?s=96&d=mm&r=g\",\"caption\":\"olivia\"},\"url\":\"https:\\\/\\\/www.elicit-plant.com\\\/fr\\\/blog\\\/author\\\/olivia\\\/\"}]}<\/script>\n<!-- \/ Yoast SEO plugin. -->","yoast_head_json":{"title":"D\u00e9velopper le soja pour gagner en autonomie prot\u00e9ique\u2026 si possible - Elicit Plant France","description":"La France souhaite d\u00e9velopper cette culture pour gagner en autonomie prot\u00e9ique. Pour autant, les s\u00e9cheresses \u00e0 r\u00e9p\u00e9tition risquent de freiner l\u2019engouement","robots":{"index":"index","follow":"follow","max-snippet":"max-snippet:-1","max-image-preview":"max-image-preview:large","max-video-preview":"max-video-preview:-1"},"canonical":"https:\/\/www.elicit-plant.com\/fr\/blog\/transition-agroecologique\/developper-le-soja-pour-gagner-en-autonomie-proteique-si-possible\/","og_locale":"fr_FR","og_type":"article","og_title":"D\u00e9velopper le soja pour gagner en autonomie prot\u00e9ique\u2026 si possible - Elicit Plant France","og_description":"La France souhaite d\u00e9velopper cette culture pour gagner en autonomie prot\u00e9ique. Pour autant, les s\u00e9cheresses \u00e0 r\u00e9p\u00e9tition risquent de freiner l\u2019engouement","og_url":"https:\/\/www.elicit-plant.com\/fr\/blog\/transition-agroecologique\/developper-le-soja-pour-gagner-en-autonomie-proteique-si-possible\/","og_site_name":"Elicit Plant France","article_published_time":"2021-03-22T13:43:00+00:00","article_modified_time":"2024-02-20T13:12:34+00:00","og_image":[{"width":1000,"height":561,"url":"https:\/\/www.elicit-plant.com\/fr\/wp-content\/uploads\/sites\/1\/2023\/07\/developper-le-soja-pour-gagner-en-antonomie-proteique-si-possible.jpg","type":"image\/jpeg"}],"author":"olivia","twitter_card":"summary_large_image","twitter_misc":{"\u00c9crit par":"olivia","Dur\u00e9e de lecture estim\u00e9e":"1 minute"},"schema":{"@context":"https:\/\/schema.org","@graph":[{"@type":"Article","@id":"https:\/\/www.elicit-plant.com\/fr\/blog\/transition-agroecologique\/developper-le-soja-pour-gagner-en-autonomie-proteique-si-possible\/#article","isPartOf":{"@id":"https:\/\/www.elicit-plant.com\/fr\/blog\/transition-agroecologique\/developper-le-soja-pour-gagner-en-autonomie-proteique-si-possible\/"},"author":{"name":"olivia","@id":"https:\/\/www.elicit-plant.com\/fr\/#\/schema\/person\/7e80eb958e91aef72ccc6b56160152cc"},"headline":"D\u00e9velopper le soja pour gagner en autonomie prot\u00e9ique\u2026 si possible","datePublished":"2021-03-22T13:43:00+00:00","dateModified":"2024-02-20T13:12:34+00:00","mainEntityOfPage":{"@id":"https:\/\/www.elicit-plant.com\/fr\/blog\/transition-agroecologique\/developper-le-soja-pour-gagner-en-autonomie-proteique-si-possible\/"},"wordCount":12,"commentCount":0,"image":{"@id":"https:\/\/www.elicit-plant.com\/fr\/blog\/transition-agroecologique\/developper-le-soja-pour-gagner-en-autonomie-proteique-si-possible\/#primaryimage"},"thumbnailUrl":"https:\/\/www.elicit-plant.com\/app\/uploads\/sites\/1\/2023\/07\/developper-le-soja-pour-gagner-en-antonomie-proteique-si-possible.jpg","articleSection":["Transition agro\u00e9cologique"],"inLanguage":"fr-FR","potentialAction":[{"@type":"CommentAction","name":"Comment","target":["https:\/\/www.elicit-plant.com\/fr\/blog\/transition-agroecologique\/developper-le-soja-pour-gagner-en-autonomie-proteique-si-possible\/#respond"]}]},{"@type":"WebPage","@id":"https:\/\/www.elicit-plant.com\/fr\/blog\/transition-agroecologique\/developper-le-soja-pour-gagner-en-autonomie-proteique-si-possible\/","url":"https:\/\/www.elicit-plant.com\/fr\/blog\/transition-agroecologique\/developper-le-soja-pour-gagner-en-autonomie-proteique-si-possible\/","name":"D\u00e9velopper le soja pour gagner en autonomie prot\u00e9ique\u2026 si possible - Elicit Plant France","isPartOf":{"@id":"https:\/\/www.elicit-plant.com\/fr\/#website"},"primaryImageOfPage":{"@id":"https:\/\/www.elicit-plant.com\/fr\/blog\/transition-agroecologique\/developper-le-soja-pour-gagner-en-autonomie-proteique-si-possible\/#primaryimage"},"image":{"@id":"https:\/\/www.elicit-plant.com\/fr\/blog\/transition-agroecologique\/developper-le-soja-pour-gagner-en-autonomie-proteique-si-possible\/#primaryimage"},"thumbnailUrl":"https:\/\/www.elicit-plant.com\/app\/uploads\/sites\/1\/2023\/07\/developper-le-soja-pour-gagner-en-antonomie-proteique-si-possible.jpg","datePublished":"2021-03-22T13:43:00+00:00","dateModified":"2024-02-20T13:12:34+00:00","author":{"@id":"https:\/\/www.elicit-plant.com\/fr\/#\/schema\/person\/7e80eb958e91aef72ccc6b56160152cc"},"description":"La France souhaite d\u00e9velopper cette culture pour gagner en autonomie prot\u00e9ique. Pour autant, les s\u00e9cheresses \u00e0 r\u00e9p\u00e9tition risquent de freiner l\u2019engouement","breadcrumb":{"@id":"https:\/\/www.elicit-plant.com\/fr\/blog\/transition-agroecologique\/developper-le-soja-pour-gagner-en-autonomie-proteique-si-possible\/#breadcrumb"},"inLanguage":"fr-FR","potentialAction":[{"@type":"ReadAction","target":["https:\/\/www.elicit-plant.com\/fr\/blog\/transition-agroecologique\/developper-le-soja-pour-gagner-en-autonomie-proteique-si-possible\/"]}]},{"@type":"ImageObject","inLanguage":"fr-FR","@id":"https:\/\/www.elicit-plant.com\/fr\/blog\/transition-agroecologique\/developper-le-soja-pour-gagner-en-autonomie-proteique-si-possible\/#primaryimage","url":"https:\/\/www.elicit-plant.com\/app\/uploads\/sites\/1\/2023\/07\/developper-le-soja-pour-gagner-en-antonomie-proteique-si-possible.jpg","contentUrl":"https:\/\/www.elicit-plant.com\/app\/uploads\/sites\/1\/2023\/07\/developper-le-soja-pour-gagner-en-antonomie-proteique-si-possible.jpg","width":1000,"height":561,"caption":"Jeunes plants de soja poussant dans un champ cultiv\u00e9, rang\u00e9es de soja dans un champ agricole au coucher du soleil, mise au point s\u00e9lective"},{"@type":"BreadcrumbList","@id":"https:\/\/www.elicit-plant.com\/fr\/blog\/transition-agroecologique\/developper-le-soja-pour-gagner-en-autonomie-proteique-si-possible\/#breadcrumb","itemListElement":[{"@type":"ListItem","position":1,"name":"Accueil","item":"https:\/\/www.elicit-plant.com\/fr\/"},{"@type":"ListItem","position":2,"name":"Transition agro\u00e9cologique","item":"https:\/\/www.elicit-plant.com\/fr\/blog\/transition-agroecologique\/"},{"@type":"ListItem","position":3,"name":"D\u00e9velopper le soja pour gagner en autonomie prot\u00e9ique\u2026 si possible"}]},{"@type":"WebSite","@id":"https:\/\/www.elicit-plant.com\/fr\/#website","url":"https:\/\/www.elicit-plant.com\/fr\/","name":"Elicit Plant France","description":"Elicit Plant est experte dans la ma\u00eetrise de l\u2019apport des phytost\u00e9rols sur les cultures en plein champ. En r\u00e9duisant le stress des plantes, cette technologie am\u00e9liore les rendements et pr\u00e9serve les ressources naturelles.","potentialAction":[{"@type":"SearchAction","target":{"@type":"EntryPoint","urlTemplate":"https:\/\/www.elicit-plant.com\/fr\/?s={search_term_string}"},"query-input":{"@type":"PropertyValueSpecification","valueRequired":true,"valueName":"search_term_string"}}],"inLanguage":"fr-FR"},{"@type":"Person","@id":"https:\/\/www.elicit-plant.com\/fr\/#\/schema\/person\/7e80eb958e91aef72ccc6b56160152cc","name":"olivia","image":{"@type":"ImageObject","inLanguage":"fr-FR","@id":"https:\/\/secure.gravatar.com\/avatar\/99ca09ba14e8585c0c6be0370cbcab9592fb608d91c71f6a698e618f6734d901?s=96&d=mm&r=g","url":"https:\/\/secure.gravatar.com\/avatar\/99ca09ba14e8585c0c6be0370cbcab9592fb608d91c71f6a698e618f6734d901?s=96&d=mm&r=g","contentUrl":"https:\/\/secure.gravatar.com\/avatar\/99ca09ba14e8585c0c6be0370cbcab9592fb608d91c71f6a698e618f6734d901?s=96&d=mm&r=g","caption":"olivia"},"url":"https:\/\/www.elicit-plant.com\/fr\/blog\/author\/olivia\/"}]}},"_links":{"self":[{"href":"https:\/\/www.elicit-plant.com\/fr\/wp-json\/wp\/v2\/posts\/909","targetHints":{"allow":["GET"]}}],"collection":[{"href":"https:\/\/www.elicit-plant.com\/fr\/wp-json\/wp\/v2\/posts"}],"about":[{"href":"https:\/\/www.elicit-plant.com\/fr\/wp-json\/wp\/v2\/types\/post"}],"author":[{"embeddable":true,"href":"https:\/\/www.elicit-plant.com\/fr\/wp-json\/wp\/v2\/users\/3"}],"replies":[{"embeddable":true,"href":"https:\/\/www.elicit-plant.com\/fr\/wp-json\/wp\/v2\/comments?post=909"}],"version-history":[{"count":3,"href":"https:\/\/www.elicit-plant.com\/fr\/wp-json\/wp\/v2\/posts\/909\/revisions"}],"predecessor-version":[{"id":4468,"href":"https:\/\/www.elicit-plant.com\/fr\/wp-json\/wp\/v2\/posts\/909\/revisions\/4468"}],"wp:featuredmedia":[{"embeddable":true,"href":"https:\/\/www.elicit-plant.com\/fr\/wp-json\/wp\/v2\/media\/910"}],"wp:attachment":[{"href":"https:\/\/www.elicit-plant.com\/fr\/wp-json\/wp\/v2\/media?parent=909"}],"wp:term":[{"taxonomy":"category","embeddable":true,"href":"https:\/\/www.elicit-plant.com\/fr\/wp-json\/wp\/v2\/categories?post=909"}],"curies":[{"name":"wp","href":"https:\/\/api.w.org\/{rel}","templated":true}]}}