{"id":959,"date":"2021-12-03T10:27:00","date_gmt":"2021-12-03T09:27:00","guid":{"rendered":"https:\/\/www.elicit-plant.com\/?p=959"},"modified":"2024-05-23T17:43:25","modified_gmt":"2024-05-23T15:43:25","slug":"le-defi-a-relever-pour-developper-le-soja-francais","status":"publish","type":"post","link":"https:\/\/www.elicit-plant.com\/fr\/blog\/changement-climatique\/le-defi-a-relever-pour-developper-le-soja-francais\/","title":{"rendered":"Le d\u00e9fi \u00e0 relever pour d\u00e9velopper le soja fran\u00e7ais"},"content":{"rendered":"<section class=\"cbo-picture picture--contained\">\n\t<div class=\"picture-inner cbo-container container--small\">\n\t\t<div class=\"picture-element cbo-picture-cover\">\n\t\t\t<img decoding=\"async\" src=\"https:\/\/www.elicit-plant.com\/app\/uploads\/sites\/1\/2023\/07\/le-defi-a-relever-pour-developper-le-soja-francais.jpg\" srcset=\"https:\/\/www.elicit-plant.com\/app\/uploads\/sites\/1\/2023\/07\/le-defi-a-relever-pour-developper-le-soja-francais-320x180.jpg 320w, https:\/\/www.elicit-plant.com\/app\/uploads\/sites\/1\/2023\/07\/le-defi-a-relever-pour-developper-le-soja-francais-768x432.jpg 840w, https:\/\/www.elicit-plant.com\/app\/uploads\/sites\/1\/2023\/07\/le-defi-a-relever-pour-developper-le-soja-francais.jpg 1024w, https:\/\/www.elicit-plant.com\/app\/uploads\/sites\/1\/2023\/07\/le-defi-a-relever-pour-developper-le-soja-francais.jpg 1400w\" class=\"\" alt=\"Le d&eacute;fi &agrave; relever pour d&eacute;velopper le soja fran&ccedil;ais\" width=\"1000\" height=\"562\" sizes=\"auto, 100vw\" loading=\"lazy\" \/>\t\t<\/div>\n\n\t\t\t<\/div>\n<\/section>\n\n<section class=\"cbo-text cbo-margin-container\">\n    <div class=\"\n        text-inner\n                cbo-container\n        container--small        \"\n    >\n        <div class=\"text-content cbo-cms cms--large\">\n            <p><em>\u00ab\u00a0Le soja progresse en France, malgr\u00e9 les difficult\u00e9s. L\u2019envie est pr\u00e9sente, les atouts du soja reconnus (bon pr\u00e9c\u00e9dent, fixation de l\u2019azote, faible besoin en intrants phytosanitaires). Mais les agriculteurs auront besoin de sentir l\u2019investissement de la fili\u00e8re et les efforts d\u2019accompagnement pour pers\u00e9v\u00e9rer.\u00a0\u00bb<\/em>\u00a0R\u00e9mi Septours, \u00e9tudiant sp\u00e9cialis\u00e9 en \u201cD\u00e9veloppement Agricole\u201d \u00e0 AgroParisTech Service \u00c9tudes, r\u00e9sume en ces termes la situation. Il a, en partie, consacr\u00e9 son ann\u00e9e de c\u00e9sure \u00e0 l\u2019\u00e9tude de la rentabilit\u00e9 du soja \u00e0 travers, notamment, l\u2019analyse de questionnaires remplis par 80 agriculteurs cultivant du soja. Objectif\u00a0: \u00e9tablir les principaux obstacles au d\u00e9veloppement du soja en France.<\/p>\n<p><em>\u00ab\u00a0Les difficult\u00e9s de rentabilit\u00e9 sont clairement ressenties et accompagn\u00e9es d\u2019un sentiment de frustration. Les probl\u00e8mes identifi\u00e9s peuvent \u00eatre la gestion des adventices, les limites de certaines vari\u00e9t\u00e9s ou des aspects de m\u00e9canisation. Mais l\u2019eau reste le principal facteur limitatif du rendement\u00a0\u00bb<\/em>, r\u00e9sume R\u00e9mi Septours.<\/p>\n<p>&nbsp;<\/p>\n<h2 class=\"wp-block-heading\">L\u2019irrigation peut-elle tout r\u00e9gler\u00a0?<\/h2>\n<p>La moiti\u00e9 des agriculteurs interrog\u00e9s d\u00e9clarent que leur soja n\u2019est pas rentable. Le manque de pr\u00e9cipitations dans les zones de culture s\u00e8che est incrimin\u00e9, mais l\u2019irrigation n\u2019est pas pour autant la solution. Parmi les charges d\u2019exploitation, dont le niveau g\u00e9n\u00e9ral appara\u00eet probl\u00e9matique, l\u2019irrigation ressort comme la principale.\u00a0<em>\u00ab\u00a0Le besoin en eau pose donc un probl\u00e8me, soit en raison du manque de pr\u00e9cipitations aux stades strat\u00e9giques du d\u00e9veloppement du soja (perte en rendement), soit en raison des co\u00fbts induits par l\u2019irrigation aux m\u00eames stades\u00a0\u00bb<\/em>, conclut R\u00e9mi Septours.<\/p>\n<p>&nbsp;<\/p>\n<h2 class=\"wp-block-heading\">R\u00e9chauffement climatique, stress hydrique et humain<\/h2>\n<p>Une fois ce frein identifi\u00e9, la recherche de la rentabilit\u00e9 du soja reste complexe, vu l\u2019augmentation de la fr\u00e9quence des s\u00e9cheresses et des fortes chaleurs. Ces stress hydriques \u00e0 r\u00e9p\u00e9tition cr\u00e9ent une tension chez les agriculteurs.\u00a0<em>\u00ab\u00a0Deux tiers des producteurs qui ont d\u00e9clar\u00e9 un soja d\u00e9ficitaire constatent un rendement inf\u00e9rieur \u00e0 30\u00a0q\/ha. Pour eux, comme pour les autres, une hausse de rendement de 5 \u00e0 10\u00a0q\/ha permettrait de franchir le cap de la rentabilit\u00e9. Ce qui porte le rendement souhait\u00e9, suivant les cas et les charges mobilis\u00e9es, entre 35 et 45\u00a0q\/ha\u00a0\u00bb<\/em>, pr\u00e9cise R\u00e9mi Septours.<\/p>\n<p>&nbsp;<\/p>\n<h2 class=\"wp-block-heading\">Quelles solutions pour demain\u00a0?<\/h2>\n<p>Pour confirmer l\u2019int\u00e9r\u00eat du soja, dont les surfaces ont \u00e9t\u00e9 multipli\u00e9es par quatre entre 2012 et 2019, lui faire une place dans les exploitations du nord et du nord-est et r\u00e9duire les charges d\u2019irrigation, il faut s\u2019int\u00e9resser aux stades clefs de la culture et \u00e0 la capacit\u00e9 de la plante \u00e0 faire face \u00e0 des \u00e9pisodes ponctuels et localis\u00e9s de s\u00e9cheresse mais de plus en plus fr\u00e9quents. La recherche vari\u00e9tale, les associations d\u2019esp\u00e8ces et les solutions de biostimulation ont leur r\u00f4le \u00e0 jouer.<\/p>\n<p>&nbsp;<\/p>\n<hr class=\"wp-block-separator has-alpha-channel-opacity\" \/>\n<h3 class=\"wp-block-heading\"><strong>Quel est le seuil r\u00e9el de rentabilit\u00e9 du soja\u00a0?<\/strong><\/h3>\n<p>Difficile de r\u00e9pondre \u00e0 une telle question tant la r\u00e9ponse varie en fonction des situations et des pratiques. L\u2019\u00e9tude men\u00e9e par AgroParisTech Service Etudes (lire ci-dessus) se fait l\u2019\u00e9cho d\u2019exp\u00e9riences de producteurs s\u2019estimant d\u00e9ficitaires avec un rendement en soja inf\u00e9rieur \u00e0 30\u00a0q\/ha. L\u2019approche, subjective, appelle quelques pr\u00e9cisions.<\/p>\n<p>Les producteurs de soja, en qu\u00eate de rentabilit\u00e9, savent que cette culture est certes exigeante en eau, mais aussi \u00e9conome en intrants (pas d\u2019engrais ni d\u2019azote). Elle b\u00e9n\u00e9ficie \u00e9galement d\u2019une aide coupl\u00e9e (35 euros\/ha) qui s\u2019ajoute aux DPB. Pour faire ses calculs, il faut donc prendre en compte ces \u00e9l\u00e9ments en plus du total moyen de charges autour de 1\u00a0100 euros\/ha et d\u2019un prix de vente basique de 400 euros\/t (sachant qu\u2019il est proche aujourd\u2019hui de 500 euros\/t).<\/p>\n<p>Une approche technico-\u00e9conomique sommaire \u00e9tablit ainsi, avec un prix bas, le seuil de rentabilit\u00e9 du soja autour de 25\u00a0q\/ha en syst\u00e8me irrigu\u00e9 et 15\u00a0q\/ha en sec. Ceux qui s\u2019en \u00e9cartent ont s\u00fbrement \u00e0 c\u0153ur de prendre en compte un niveau de risque, climatique par exemple, dans leur r\u00e9flexion.<\/p>\n\n            <div style=\"clear: both;\"><\/div>\n        <\/div>\n    <\/div>\n<\/section>\n\n\n<section class=\"cbo-featuredlinks featuredlinks--colorwhite\">\n\t<div class=\"featuredlinks-inner cbo-container \">\n\n\t\t\t\t\t<h2 class=\"cbo-title-2 featuredlinks-title\">\n\t\t\t\tNos autres articles autour du r\u00e9chauffement climatique\t\t\t<\/h2>\n\t\t\n\t\t<div class=\"featuredlinks-list\" data-anim-group data-group-delay=\"100\">\n\t\t\t\n\t\t\t<div class=\"list-el\">\n\t\t\t\t<a class=\"el-inner\" href=\"https:\/\/www.elicit-plant.com\/fr\/blog\/changement-climatique\/sattendre-a-un-paysage-agricole-redessine\/\">\n\n\t\t\t\t\t<figure class=\"inner-picture cbo-picture-cover\">\n\t\t\t\t\t\t<img decoding=\"async\" src=\"https:\/\/www.elicit-plant.com\/app\/uploads\/sites\/1\/2023\/07\/sattendre-a-un-paysage-agricole-redessine-768x432.jpg\" srcset=\"https:\/\/www.elicit-plant.com\/app\/uploads\/sites\/1\/2023\/07\/sattendre-a-un-paysage-agricole-redessine-320x180.jpg 320w, https:\/\/www.elicit-plant.com\/app\/uploads\/sites\/1\/2023\/07\/sattendre-a-un-paysage-agricole-redessine-768x432.jpg 840w, https:\/\/www.elicit-plant.com\/app\/uploads\/sites\/1\/2023\/07\/sattendre-a-un-paysage-agricole-redessine-768x432.jpg 1024w, https:\/\/www.elicit-plant.com\/app\/uploads\/sites\/1\/2023\/07\/sattendre-a-un-paysage-agricole-redessine-768x432.jpg 1400w\" class=\"\" alt=\"S\u2019attendre \u00e0 un paysage agricole redessin\u00e9\" width=\"768\" height=\"432\" sizes=\"auto, 100vw\" loading=\"lazy\" \/>\t\t\t\t\t<\/figure>\n\n\t\t\t\t\t<h3 class=\"inner-title cbo-title-3\">\n\t\t\t\t\t\tS\u2019attendre \u00e0 un paysage agricole redessin\u00e9\t\t\t\t\t<\/h3>\n\n\t\t\t\t\t<span class=\"inner-button cbo-buttonmore\">\n\t\t\t\t\t\t<i class=\"icon icon-cross\"><\/i>\n\t\t\t\t\t<\/span>\n\t\t\t\t<\/a>\n\t\t\t<\/div>\n\n\t\t\t\n\t\t\t<div class=\"list-el\">\n\t\t\t\t<a class=\"el-inner\" href=\"https:\/\/www.elicit-plant.com\/fr\/blog\/changement-climatique\/les-secheresses-tendent-a-remettre-en-question-limplantation-du-mais-en-france\/\">\n\n\t\t\t\t\t<figure class=\"inner-picture cbo-picture-cover\">\n\t\t\t\t\t\t<img decoding=\"async\" src=\"https:\/\/www.elicit-plant.com\/app\/uploads\/sites\/1\/2023\/07\/les-secheresses-tendent-a-remettrent-en-question-limplantation-du-mais-en-france-768x432.jpg\" srcset=\"https:\/\/www.elicit-plant.com\/app\/uploads\/sites\/1\/2023\/07\/les-secheresses-tendent-a-remettrent-en-question-limplantation-du-mais-en-france-320x180.jpg 320w, https:\/\/www.elicit-plant.com\/app\/uploads\/sites\/1\/2023\/07\/les-secheresses-tendent-a-remettrent-en-question-limplantation-du-mais-en-france-768x432.jpg 840w, https:\/\/www.elicit-plant.com\/app\/uploads\/sites\/1\/2023\/07\/les-secheresses-tendent-a-remettrent-en-question-limplantation-du-mais-en-france-768x432.jpg 1024w, https:\/\/www.elicit-plant.com\/app\/uploads\/sites\/1\/2023\/07\/les-secheresses-tendent-a-remettrent-en-question-limplantation-du-mais-en-france-768x432.jpg 1400w\" class=\"\" alt=\"Les s\u00e9cheresses tendent \u00e0 remettre en question l\u2019implantation du ma\u00efs en France\" width=\"768\" height=\"432\" sizes=\"auto, 100vw\" loading=\"lazy\" \/>\t\t\t\t\t<\/figure>\n\n\t\t\t\t\t<h3 class=\"inner-title cbo-title-3\">\n\t\t\t\t\t\tLes s\u00e9cheresses tendent \u00e0 remettre en question l\u2019implantation du ma\u00efs en France\t\t\t\t\t<\/h3>\n\n\t\t\t\t\t<span class=\"inner-button cbo-buttonmore\">\n\t\t\t\t\t\t<i class=\"icon icon-cross\"><\/i>\n\t\t\t\t\t<\/span>\n\t\t\t\t<\/a>\n\t\t\t<\/div>\n\n\t\t\t\t\t<\/div>\n\n\t<\/div>\n<\/section>\n","protected":false},"excerpt":{"rendered":"<p>Quatre-vingts agriculteurs ayant du soja dans leur assolement ont r\u00e9pondu \u00e0 un questionnaire con\u00e7u par AgroParisTech Service \u00c9tudes entre mars et mai 2021. Il en ressort que la rentabilit\u00e9 des parcelles de soja n&rsquo;est pas toujours garantie? Aider la culture \u00e0 supporter les situations de stress hydrique est l&rsquo;un des principaux leviers identifi\u00e9s pour rendre le soja rentable.<\/p>\n","protected":false},"author":3,"featured_media":965,"comment_status":"open","ping_status":"open","sticky":false,"template":"","format":"standard","meta":{"_acf_changed":false,"footnotes":""},"categories":[22,20],"class_list":["post-959","post","type-post","status-publish","format-standard","has-post-thumbnail","hentry","category-changement-climatique","category-transition-agroecologique"],"acf":[],"yoast_head":"<!-- This site is optimized with the Yoast SEO plugin v27.3 - https:\/\/yoast.com\/product\/yoast-seo-wordpress\/ -->\n<title>Le d\u00e9fi \u00e0 relever pour d\u00e9velopper le soja fran\u00e7ais - Elicit Plant France<\/title>\n<meta name=\"description\" content=\"Quatre-vingts agriculteurs ayant du soja dans leur assolement ont r\u00e9pondu \u00e0 un questionnaire con\u00e7u par AgroParisTech Service \u00c9tudes. Il en ressort que la rentabilit\u00e9 des parcelles de soja n\u2019est pas toujours garantie?\" \/>\n<meta name=\"robots\" content=\"index, follow, max-snippet:-1, max-image-preview:large, max-video-preview:-1\" \/>\n<link rel=\"canonical\" href=\"https:\/\/www.elicit-plant.com\/fr\/blog\/changement-climatique\/le-defi-a-relever-pour-developper-le-soja-francais\/\" \/>\n<meta property=\"og:locale\" content=\"fr_FR\" \/>\n<meta property=\"og:type\" content=\"article\" \/>\n<meta property=\"og:title\" content=\"Le d\u00e9fi \u00e0 relever pour d\u00e9velopper le soja fran\u00e7ais - Elicit Plant France\" \/>\n<meta property=\"og:description\" content=\"Quatre-vingts agriculteurs ayant du soja dans leur assolement ont r\u00e9pondu \u00e0 un questionnaire con\u00e7u par AgroParisTech Service \u00c9tudes. Il en ressort que la rentabilit\u00e9 des parcelles de soja n\u2019est pas toujours garantie?\" \/>\n<meta property=\"og:url\" content=\"https:\/\/www.elicit-plant.com\/fr\/blog\/changement-climatique\/le-defi-a-relever-pour-developper-le-soja-francais\/\" \/>\n<meta property=\"og:site_name\" content=\"Elicit Plant France\" \/>\n<meta property=\"article:published_time\" content=\"2021-12-03T09:27:00+00:00\" \/>\n<meta property=\"article:modified_time\" content=\"2024-05-23T15:43:25+00:00\" \/>\n<meta property=\"og:image\" content=\"https:\/\/www.elicit-plant.com\/fr\/wp-content\/uploads\/sites\/1\/2023\/07\/le-defi-a-relever-pour-developper-le-soja-francais.jpg\" \/>\n\t<meta property=\"og:image:width\" content=\"1000\" \/>\n\t<meta property=\"og:image:height\" content=\"562\" \/>\n\t<meta property=\"og:image:type\" content=\"image\/jpeg\" \/>\n<meta name=\"author\" content=\"olivia\" \/>\n<meta name=\"twitter:card\" content=\"summary_large_image\" \/>\n<meta name=\"twitter:label1\" content=\"\u00c9crit par\" \/>\n\t<meta name=\"twitter:data1\" content=\"olivia\" \/>\n\t<meta name=\"twitter:label2\" content=\"Dur\u00e9e de lecture estim\u00e9e\" \/>\n\t<meta name=\"twitter:data2\" content=\"1 minute\" \/>\n<script type=\"application\/ld+json\" class=\"yoast-schema-graph\">{\"@context\":\"https:\\\/\\\/schema.org\",\"@graph\":[{\"@type\":\"Article\",\"@id\":\"https:\\\/\\\/www.elicit-plant.com\\\/fr\\\/blog\\\/changement-climatique\\\/le-defi-a-relever-pour-developper-le-soja-francais\\\/#article\",\"isPartOf\":{\"@id\":\"https:\\\/\\\/www.elicit-plant.com\\\/fr\\\/blog\\\/changement-climatique\\\/le-defi-a-relever-pour-developper-le-soja-francais\\\/\"},\"author\":{\"name\":\"olivia\",\"@id\":\"https:\\\/\\\/www.elicit-plant.com\\\/fr\\\/#\\\/schema\\\/person\\\/7e80eb958e91aef72ccc6b56160152cc\"},\"headline\":\"Le d\u00e9fi \u00e0 relever pour d\u00e9velopper le soja fran\u00e7ais\",\"datePublished\":\"2021-12-03T09:27:00+00:00\",\"dateModified\":\"2024-05-23T15:43:25+00:00\",\"mainEntityOfPage\":{\"@id\":\"https:\\\/\\\/www.elicit-plant.com\\\/fr\\\/blog\\\/changement-climatique\\\/le-defi-a-relever-pour-developper-le-soja-francais\\\/\"},\"wordCount\":11,\"commentCount\":0,\"image\":{\"@id\":\"https:\\\/\\\/www.elicit-plant.com\\\/fr\\\/blog\\\/changement-climatique\\\/le-defi-a-relever-pour-developper-le-soja-francais\\\/#primaryimage\"},\"thumbnailUrl\":\"https:\\\/\\\/www.elicit-plant.com\\\/app\\\/uploads\\\/sites\\\/1\\\/2023\\\/07\\\/le-defi-a-relever-pour-developper-le-soja-francais.jpg\",\"articleSection\":[\"Changement climatique\",\"Transition agro\u00e9cologique\"],\"inLanguage\":\"fr-FR\",\"potentialAction\":[{\"@type\":\"CommentAction\",\"name\":\"Comment\",\"target\":[\"https:\\\/\\\/www.elicit-plant.com\\\/fr\\\/blog\\\/changement-climatique\\\/le-defi-a-relever-pour-developper-le-soja-francais\\\/#respond\"]}]},{\"@type\":\"WebPage\",\"@id\":\"https:\\\/\\\/www.elicit-plant.com\\\/fr\\\/blog\\\/changement-climatique\\\/le-defi-a-relever-pour-developper-le-soja-francais\\\/\",\"url\":\"https:\\\/\\\/www.elicit-plant.com\\\/fr\\\/blog\\\/changement-climatique\\\/le-defi-a-relever-pour-developper-le-soja-francais\\\/\",\"name\":\"Le d\u00e9fi \u00e0 relever pour d\u00e9velopper le soja fran\u00e7ais - Elicit Plant France\",\"isPartOf\":{\"@id\":\"https:\\\/\\\/www.elicit-plant.com\\\/fr\\\/#website\"},\"primaryImageOfPage\":{\"@id\":\"https:\\\/\\\/www.elicit-plant.com\\\/fr\\\/blog\\\/changement-climatique\\\/le-defi-a-relever-pour-developper-le-soja-francais\\\/#primaryimage\"},\"image\":{\"@id\":\"https:\\\/\\\/www.elicit-plant.com\\\/fr\\\/blog\\\/changement-climatique\\\/le-defi-a-relever-pour-developper-le-soja-francais\\\/#primaryimage\"},\"thumbnailUrl\":\"https:\\\/\\\/www.elicit-plant.com\\\/app\\\/uploads\\\/sites\\\/1\\\/2023\\\/07\\\/le-defi-a-relever-pour-developper-le-soja-francais.jpg\",\"datePublished\":\"2021-12-03T09:27:00+00:00\",\"dateModified\":\"2024-05-23T15:43:25+00:00\",\"author\":{\"@id\":\"https:\\\/\\\/www.elicit-plant.com\\\/fr\\\/#\\\/schema\\\/person\\\/7e80eb958e91aef72ccc6b56160152cc\"},\"description\":\"Quatre-vingts agriculteurs ayant du soja dans leur assolement ont r\u00e9pondu \u00e0 un questionnaire con\u00e7u par AgroParisTech Service \u00c9tudes. Il en ressort que la rentabilit\u00e9 des parcelles de soja n\u2019est pas toujours garantie?\",\"breadcrumb\":{\"@id\":\"https:\\\/\\\/www.elicit-plant.com\\\/fr\\\/blog\\\/changement-climatique\\\/le-defi-a-relever-pour-developper-le-soja-francais\\\/#breadcrumb\"},\"inLanguage\":\"fr-FR\",\"potentialAction\":[{\"@type\":\"ReadAction\",\"target\":[\"https:\\\/\\\/www.elicit-plant.com\\\/fr\\\/blog\\\/changement-climatique\\\/le-defi-a-relever-pour-developper-le-soja-francais\\\/\"]}]},{\"@type\":\"ImageObject\",\"inLanguage\":\"fr-FR\",\"@id\":\"https:\\\/\\\/www.elicit-plant.com\\\/fr\\\/blog\\\/changement-climatique\\\/le-defi-a-relever-pour-developper-le-soja-francais\\\/#primaryimage\",\"url\":\"https:\\\/\\\/www.elicit-plant.com\\\/app\\\/uploads\\\/sites\\\/1\\\/2023\\\/07\\\/le-defi-a-relever-pour-developper-le-soja-francais.jpg\",\"contentUrl\":\"https:\\\/\\\/www.elicit-plant.com\\\/app\\\/uploads\\\/sites\\\/1\\\/2023\\\/07\\\/le-defi-a-relever-pour-developper-le-soja-francais.jpg\",\"width\":1000,\"height\":562,\"caption\":\"Le d\u00e9fi \u00e0 relever pour d\u00e9velopper le soja fran\u00e7ais\"},{\"@type\":\"BreadcrumbList\",\"@id\":\"https:\\\/\\\/www.elicit-plant.com\\\/fr\\\/blog\\\/changement-climatique\\\/le-defi-a-relever-pour-developper-le-soja-francais\\\/#breadcrumb\",\"itemListElement\":[{\"@type\":\"ListItem\",\"position\":1,\"name\":\"Accueil\",\"item\":\"https:\\\/\\\/www.elicit-plant.com\\\/fr\\\/\"},{\"@type\":\"ListItem\",\"position\":2,\"name\":\"Changement climatique\",\"item\":\"https:\\\/\\\/www.elicit-plant.com\\\/fr\\\/blog\\\/changement-climatique\\\/\"},{\"@type\":\"ListItem\",\"position\":3,\"name\":\"Le d\u00e9fi \u00e0 relever pour d\u00e9velopper le soja fran\u00e7ais\"}]},{\"@type\":\"WebSite\",\"@id\":\"https:\\\/\\\/www.elicit-plant.com\\\/fr\\\/#website\",\"url\":\"https:\\\/\\\/www.elicit-plant.com\\\/fr\\\/\",\"name\":\"Elicit Plant France\",\"description\":\"Elicit Plant est experte dans la ma\u00eetrise de l\u2019apport des phytost\u00e9rols sur les cultures en plein champ. En r\u00e9duisant le stress des plantes, cette technologie am\u00e9liore les rendements et pr\u00e9serve les ressources naturelles.\",\"potentialAction\":[{\"@type\":\"SearchAction\",\"target\":{\"@type\":\"EntryPoint\",\"urlTemplate\":\"https:\\\/\\\/www.elicit-plant.com\\\/fr\\\/?s={search_term_string}\"},\"query-input\":{\"@type\":\"PropertyValueSpecification\",\"valueRequired\":true,\"valueName\":\"search_term_string\"}}],\"inLanguage\":\"fr-FR\"},{\"@type\":\"Person\",\"@id\":\"https:\\\/\\\/www.elicit-plant.com\\\/fr\\\/#\\\/schema\\\/person\\\/7e80eb958e91aef72ccc6b56160152cc\",\"name\":\"olivia\",\"image\":{\"@type\":\"ImageObject\",\"inLanguage\":\"fr-FR\",\"@id\":\"https:\\\/\\\/secure.gravatar.com\\\/avatar\\\/99ca09ba14e8585c0c6be0370cbcab9592fb608d91c71f6a698e618f6734d901?s=96&d=mm&r=g\",\"url\":\"https:\\\/\\\/secure.gravatar.com\\\/avatar\\\/99ca09ba14e8585c0c6be0370cbcab9592fb608d91c71f6a698e618f6734d901?s=96&d=mm&r=g\",\"contentUrl\":\"https:\\\/\\\/secure.gravatar.com\\\/avatar\\\/99ca09ba14e8585c0c6be0370cbcab9592fb608d91c71f6a698e618f6734d901?s=96&d=mm&r=g\",\"caption\":\"olivia\"},\"url\":\"https:\\\/\\\/www.elicit-plant.com\\\/fr\\\/blog\\\/author\\\/olivia\\\/\"}]}<\/script>\n<!-- \/ Yoast SEO plugin. -->","yoast_head_json":{"title":"Le d\u00e9fi \u00e0 relever pour d\u00e9velopper le soja fran\u00e7ais - Elicit Plant France","description":"Quatre-vingts agriculteurs ayant du soja dans leur assolement ont r\u00e9pondu \u00e0 un questionnaire con\u00e7u par AgroParisTech Service \u00c9tudes. Il en ressort que la rentabilit\u00e9 des parcelles de soja n\u2019est pas toujours garantie?","robots":{"index":"index","follow":"follow","max-snippet":"max-snippet:-1","max-image-preview":"max-image-preview:large","max-video-preview":"max-video-preview:-1"},"canonical":"https:\/\/www.elicit-plant.com\/fr\/blog\/changement-climatique\/le-defi-a-relever-pour-developper-le-soja-francais\/","og_locale":"fr_FR","og_type":"article","og_title":"Le d\u00e9fi \u00e0 relever pour d\u00e9velopper le soja fran\u00e7ais - Elicit Plant France","og_description":"Quatre-vingts agriculteurs ayant du soja dans leur assolement ont r\u00e9pondu \u00e0 un questionnaire con\u00e7u par AgroParisTech Service \u00c9tudes. Il en ressort que la rentabilit\u00e9 des parcelles de soja n\u2019est pas toujours garantie?","og_url":"https:\/\/www.elicit-plant.com\/fr\/blog\/changement-climatique\/le-defi-a-relever-pour-developper-le-soja-francais\/","og_site_name":"Elicit Plant France","article_published_time":"2021-12-03T09:27:00+00:00","article_modified_time":"2024-05-23T15:43:25+00:00","og_image":[{"width":1000,"height":562,"url":"https:\/\/www.elicit-plant.com\/fr\/wp-content\/uploads\/sites\/1\/2023\/07\/le-defi-a-relever-pour-developper-le-soja-francais.jpg","type":"image\/jpeg"}],"author":"olivia","twitter_card":"summary_large_image","twitter_misc":{"\u00c9crit par":"olivia","Dur\u00e9e de lecture estim\u00e9e":"1 minute"},"schema":{"@context":"https:\/\/schema.org","@graph":[{"@type":"Article","@id":"https:\/\/www.elicit-plant.com\/fr\/blog\/changement-climatique\/le-defi-a-relever-pour-developper-le-soja-francais\/#article","isPartOf":{"@id":"https:\/\/www.elicit-plant.com\/fr\/blog\/changement-climatique\/le-defi-a-relever-pour-developper-le-soja-francais\/"},"author":{"name":"olivia","@id":"https:\/\/www.elicit-plant.com\/fr\/#\/schema\/person\/7e80eb958e91aef72ccc6b56160152cc"},"headline":"Le d\u00e9fi \u00e0 relever pour d\u00e9velopper le soja fran\u00e7ais","datePublished":"2021-12-03T09:27:00+00:00","dateModified":"2024-05-23T15:43:25+00:00","mainEntityOfPage":{"@id":"https:\/\/www.elicit-plant.com\/fr\/blog\/changement-climatique\/le-defi-a-relever-pour-developper-le-soja-francais\/"},"wordCount":11,"commentCount":0,"image":{"@id":"https:\/\/www.elicit-plant.com\/fr\/blog\/changement-climatique\/le-defi-a-relever-pour-developper-le-soja-francais\/#primaryimage"},"thumbnailUrl":"https:\/\/www.elicit-plant.com\/app\/uploads\/sites\/1\/2023\/07\/le-defi-a-relever-pour-developper-le-soja-francais.jpg","articleSection":["Changement climatique","Transition agro\u00e9cologique"],"inLanguage":"fr-FR","potentialAction":[{"@type":"CommentAction","name":"Comment","target":["https:\/\/www.elicit-plant.com\/fr\/blog\/changement-climatique\/le-defi-a-relever-pour-developper-le-soja-francais\/#respond"]}]},{"@type":"WebPage","@id":"https:\/\/www.elicit-plant.com\/fr\/blog\/changement-climatique\/le-defi-a-relever-pour-developper-le-soja-francais\/","url":"https:\/\/www.elicit-plant.com\/fr\/blog\/changement-climatique\/le-defi-a-relever-pour-developper-le-soja-francais\/","name":"Le d\u00e9fi \u00e0 relever pour d\u00e9velopper le soja fran\u00e7ais - Elicit Plant France","isPartOf":{"@id":"https:\/\/www.elicit-plant.com\/fr\/#website"},"primaryImageOfPage":{"@id":"https:\/\/www.elicit-plant.com\/fr\/blog\/changement-climatique\/le-defi-a-relever-pour-developper-le-soja-francais\/#primaryimage"},"image":{"@id":"https:\/\/www.elicit-plant.com\/fr\/blog\/changement-climatique\/le-defi-a-relever-pour-developper-le-soja-francais\/#primaryimage"},"thumbnailUrl":"https:\/\/www.elicit-plant.com\/app\/uploads\/sites\/1\/2023\/07\/le-defi-a-relever-pour-developper-le-soja-francais.jpg","datePublished":"2021-12-03T09:27:00+00:00","dateModified":"2024-05-23T15:43:25+00:00","author":{"@id":"https:\/\/www.elicit-plant.com\/fr\/#\/schema\/person\/7e80eb958e91aef72ccc6b56160152cc"},"description":"Quatre-vingts agriculteurs ayant du soja dans leur assolement ont r\u00e9pondu \u00e0 un questionnaire con\u00e7u par AgroParisTech Service \u00c9tudes. Il en ressort que la rentabilit\u00e9 des parcelles de soja n\u2019est pas toujours garantie?","breadcrumb":{"@id":"https:\/\/www.elicit-plant.com\/fr\/blog\/changement-climatique\/le-defi-a-relever-pour-developper-le-soja-francais\/#breadcrumb"},"inLanguage":"fr-FR","potentialAction":[{"@type":"ReadAction","target":["https:\/\/www.elicit-plant.com\/fr\/blog\/changement-climatique\/le-defi-a-relever-pour-developper-le-soja-francais\/"]}]},{"@type":"ImageObject","inLanguage":"fr-FR","@id":"https:\/\/www.elicit-plant.com\/fr\/blog\/changement-climatique\/le-defi-a-relever-pour-developper-le-soja-francais\/#primaryimage","url":"https:\/\/www.elicit-plant.com\/app\/uploads\/sites\/1\/2023\/07\/le-defi-a-relever-pour-developper-le-soja-francais.jpg","contentUrl":"https:\/\/www.elicit-plant.com\/app\/uploads\/sites\/1\/2023\/07\/le-defi-a-relever-pour-developper-le-soja-francais.jpg","width":1000,"height":562,"caption":"Le d\u00e9fi \u00e0 relever pour d\u00e9velopper le soja fran\u00e7ais"},{"@type":"BreadcrumbList","@id":"https:\/\/www.elicit-plant.com\/fr\/blog\/changement-climatique\/le-defi-a-relever-pour-developper-le-soja-francais\/#breadcrumb","itemListElement":[{"@type":"ListItem","position":1,"name":"Accueil","item":"https:\/\/www.elicit-plant.com\/fr\/"},{"@type":"ListItem","position":2,"name":"Changement climatique","item":"https:\/\/www.elicit-plant.com\/fr\/blog\/changement-climatique\/"},{"@type":"ListItem","position":3,"name":"Le d\u00e9fi \u00e0 relever pour d\u00e9velopper le soja fran\u00e7ais"}]},{"@type":"WebSite","@id":"https:\/\/www.elicit-plant.com\/fr\/#website","url":"https:\/\/www.elicit-plant.com\/fr\/","name":"Elicit Plant France","description":"Elicit Plant est experte dans la ma\u00eetrise de l\u2019apport des phytost\u00e9rols sur les cultures en plein champ. En r\u00e9duisant le stress des plantes, cette technologie am\u00e9liore les rendements et pr\u00e9serve les ressources naturelles.","potentialAction":[{"@type":"SearchAction","target":{"@type":"EntryPoint","urlTemplate":"https:\/\/www.elicit-plant.com\/fr\/?s={search_term_string}"},"query-input":{"@type":"PropertyValueSpecification","valueRequired":true,"valueName":"search_term_string"}}],"inLanguage":"fr-FR"},{"@type":"Person","@id":"https:\/\/www.elicit-plant.com\/fr\/#\/schema\/person\/7e80eb958e91aef72ccc6b56160152cc","name":"olivia","image":{"@type":"ImageObject","inLanguage":"fr-FR","@id":"https:\/\/secure.gravatar.com\/avatar\/99ca09ba14e8585c0c6be0370cbcab9592fb608d91c71f6a698e618f6734d901?s=96&d=mm&r=g","url":"https:\/\/secure.gravatar.com\/avatar\/99ca09ba14e8585c0c6be0370cbcab9592fb608d91c71f6a698e618f6734d901?s=96&d=mm&r=g","contentUrl":"https:\/\/secure.gravatar.com\/avatar\/99ca09ba14e8585c0c6be0370cbcab9592fb608d91c71f6a698e618f6734d901?s=96&d=mm&r=g","caption":"olivia"},"url":"https:\/\/www.elicit-plant.com\/fr\/blog\/author\/olivia\/"}]}},"_links":{"self":[{"href":"https:\/\/www.elicit-plant.com\/fr\/wp-json\/wp\/v2\/posts\/959","targetHints":{"allow":["GET"]}}],"collection":[{"href":"https:\/\/www.elicit-plant.com\/fr\/wp-json\/wp\/v2\/posts"}],"about":[{"href":"https:\/\/www.elicit-plant.com\/fr\/wp-json\/wp\/v2\/types\/post"}],"author":[{"embeddable":true,"href":"https:\/\/www.elicit-plant.com\/fr\/wp-json\/wp\/v2\/users\/3"}],"replies":[{"embeddable":true,"href":"https:\/\/www.elicit-plant.com\/fr\/wp-json\/wp\/v2\/comments?post=959"}],"version-history":[{"count":6,"href":"https:\/\/www.elicit-plant.com\/fr\/wp-json\/wp\/v2\/posts\/959\/revisions"}],"predecessor-version":[{"id":4969,"href":"https:\/\/www.elicit-plant.com\/fr\/wp-json\/wp\/v2\/posts\/959\/revisions\/4969"}],"wp:featuredmedia":[{"embeddable":true,"href":"https:\/\/www.elicit-plant.com\/fr\/wp-json\/wp\/v2\/media\/965"}],"wp:attachment":[{"href":"https:\/\/www.elicit-plant.com\/fr\/wp-json\/wp\/v2\/media?parent=959"}],"wp:term":[{"taxonomy":"category","embeddable":true,"href":"https:\/\/www.elicit-plant.com\/fr\/wp-json\/wp\/v2\/categories?post=959"}],"curies":[{"name":"wp","href":"https:\/\/api.w.org\/{rel}","templated":true}]}}