{"id":549,"date":"2025-10-15T20:47:10","date_gmt":"2025-10-15T18:47:10","guid":{"rendered":"https:\/\/www.elicit-plant.com\/rs\/?post_type=news&#038;p=549"},"modified":"2025-10-15T20:47:11","modified_gmt":"2025-10-15T18:47:11","slug":"kompanija-elicit-plant-osvojila-je-nagradu-ey-national-entrepreneur-of-the-year-nacionalni-preduzetnik-godine-u-kategoriji-startap-kompanija","status":"publish","type":"news","link":"https:\/\/www.elicit-plant.com\/rs\/vesti\/kompanija-elicit-plant-osvojila-je-nagradu-ey-national-entrepreneur-of-the-year-nacionalni-preduzetnik-godine-u-kategoriji-startap-kompanija\/","title":{"rendered":"Kompanija Elicit Plant osvojila je nagradu \u201eEY National Entrepreneur of the Year\u201c (nacionalni preduzetnik godine), u kategoriji startap kompanija"},"content":{"rendered":"<section class=\"cbo-picture picture--contained\">\n\t<div class=\"picture-inner cbo-container container--small\">\n\t\t<div class=\"picture-element cbo-picture-cover\">\n\t\t\t<img decoding=\"async\" src=\"https:\/\/www.elicit-plant.com\/app\/uploads\/sites\/13\/2025\/10\/Award-Communication-Arnaud-Mallez-1024x682.jpg\" srcset=\"https:\/\/www.elicit-plant.com\/app\/uploads\/sites\/13\/2025\/10\/Award-Communication-Arnaud-Mallez-320x213.jpg 320w, https:\/\/www.elicit-plant.com\/app\/uploads\/sites\/13\/2025\/10\/Award-Communication-Arnaud-Mallez-768x512.jpg 840w, https:\/\/www.elicit-plant.com\/app\/uploads\/sites\/13\/2025\/10\/Award-Communication-Arnaud-Mallez-1024x682.jpg 1024w, https:\/\/www.elicit-plant.com\/app\/uploads\/sites\/13\/2025\/10\/Award-Communication-Arnaud-Mallez.jpg 1400w\" class=\"\" alt=\"Elicit Plant osvaja nacionalnu nagradu EY Preduzetnik godine &ndash; kategorija Start-up\" width=\"1024\" height=\"682\" sizes=\"auto, 100vw\" loading=\"lazy\" \/>\t\t<\/div>\n\n\t\t\t<\/div>\n<\/section>\n\n<section class=\"cbo-text cbo-margin-container\">\n    <div class=\"\n        text-inner\n                cbo-container\n        container--small        \"\n    >\n        <div class=\"text-content cbo-cms cms--large\">\n            <h2>Priznanje koje potvr\u0111uje sna\u017ean pravac rasta<\/h2>\n<p>Nakon osvajanja nagrade EY za preduzetnika godine za region Nove Akvitanije (EY Nouvelle-Aquitaine Award) u septembru, kompaniji Elicit Plant odato je priznanje na nacionalnom nivou tokom ceremonije dodele nagrada EY za preduzetnika godine u Francuskoj za 2025. godinu, odr\u017eane 13. oktobra u pozori\u0161tu \u0160atle u Parizu.<\/p>\n<p>Ovo priznanje isti\u010de put jedne inovativne, uticajne i brzorastu\u0107e kompanije koju vodi jasna misija: stavljanje nauke u slu\u017ebu poljoprivrede u cilju re\u0161avanja izazova koje nose klimatske promene.<\/p>\n<p>Tokom ceremonije dodele nagrade EY za preduzetnika godine, Jean-Fran\u00e7ois D\u00e9chant, generalni direktor kompanije Elicit Plant, podelio je video snimak sa misijom kompanije i <a href=\"https:\/\/www.elicit-plant.com\/rs\/nauka-i-tehnologija\/\">tehnologijom zasnovanom na fitosterolu<\/a> koja je postala referentna vrednost u francuskom agrotehnolo\u0161kom sektoru.<\/p>\n\n            <div style=\"clear: both;\"><\/div>\n        <\/div>\n    <\/div>\n<\/section>\n\n\n<section class=\"cbo-video video--normal video--titlebefore cbo-margin-container\">\n\t<div class=\"video-inner cbo-container container--small\">\n\n\t\t\n\t\t<div class=\"video-player\" data-player-ancestor>\n\n\t\t\t<div class=\"player-inner\">\n\t\t\t\t<div class=\"cbo-youtube\">\n\t<div class=\"youtube-inner\">\n\n\t\t\t\t<div\n\t\t\tclass=\"youtube-player\"\n\t\t\tdata-id=\"Xss7vdf_xlQ\"\n\t\t\tid=\"yt_BoUIyCxoRX\"\n\t\t><\/div>\n\t\t\n\t\t<div class=\"youtube-cover cbo-picture-cover\">\n\n\t\t\t<img decoding=\"async\" src=\"https:\/\/www.elicit-plant.com\/app\/uploads\/sites\/13\/2025\/10\/Elicit-1-Image-1024x577-1.jpg\"  sizes=\"100vw\" class=\"\" alt=\"\"  loading=\"lazy\" \/>\n\t\t\t<button type=\"button\" class=\"cover-button cbo-youtube-button\">\n\t\t\t\t<i class=\"icon icon-play\"><\/i>\n\t\t\t\t<div class=\"button-spinner cbo-spinner\">\n\t\t\t\t\t<div><\/div>\n\t\t\t\t\t<div><\/div>\n\t\t\t\t\t<div><\/div>\n\t\t\t\t\t<div><\/div>\n\t\t\t\t<\/div>\n\t\t\t<\/button>\n\t\t<\/div>\n\n\t<\/div>\n\n\t<\/div>\t\t\t<\/div>\n\n\t\t\t\n\t\t<\/div>\n\t<\/div>\n<\/section>\n\n\n<section class=\"cbo-text cbo-margin-container\">\n    <div class=\"\n        text-inner\n                cbo-container\n        container--small        \"\n    >\n        <div class=\"text-content cbo-cms cms--large\">\n            <h2>Nauka u srcu poljoprivrednih inovacija<\/h2>\n<p>Nagrada EY preduzetnik godine je jedinstveni globalni program, prisutan u vi\u0161e od 60 zemalja, koji podr\u017eava, promovi\u0161e i slavi preduzetni\u010dke inicijative. Ona skre\u0107e pa\u017enju na vizionarske lidere iz svih regiona Francuske koji sigurnim korakom oblikuju budu\u0107nost, transformi\u0161u\u0107i svoju industriju kroz inovacije, rast i uticaj.<\/p>\n<p>Kompanija Elicit Plant prepoznata je u kategoriji rastu\u0107ih kompanija (Scale-up of the Year) kao kompanija koja poseduje kombinaciju visokog potencijala i sna\u017enog uticaja.<\/p>\n<p>\u017diri je u ovoj kategoriji pohvalio kompaniju Elicit Plant za njenu sposobnost da kombinuje nau\u010dne inovacije, me\u0111unarodni razvoj i doprinos odr\u017eivijoj poljoprivredi.<br \/>\nOvo nacionalno priznanje slavi jedinstven model izgra\u0111en na osnovu nauke fitosterola i sna\u017eno ube\u0111enje: poljoprivredna otpornost zavisi od fiziolo\u0161ke efikasnosti biljaka kada se suo\u010davaju sa ekstremnim klimatskim uslovima.<\/p>\n\n            <div style=\"clear: both;\"><\/div>\n        <\/div>\n    <\/div>\n<\/section>\n\n\n\n<section class=\"cbo-quote\">\n    <div class=\"quote-inner cbo-container container--small\">\n\n        <div class=\"quote-infos\">\n            <i class=\"icon icon-quote\"><\/i>\n\n                            Jean-Fran\u00e7ois D\u00e9chant, generalni direktor kompanije Elicit Plant                    <\/div>\n       \n        <div class=\"quote-content cbo-title-3\">\n\t\t\t\u00abNa\u0161 me\u0111unarodni uspeh pokazuje relevantnost na\u0161eg pristupa i koristi koje on nosi za razvoj odr\u017eive i otporne poljoprivrede kao podr\u0161ke globalnom prehrambenom suverenitetu\u00bb\t\t<\/div>\n    <\/div>\n<\/section>\n\n<section class=\"cbo-text cbo-margin-container\">\n    <div class=\"\n        text-inner\n                cbo-container\n        container--small        \"\n    >\n        <div class=\"text-content cbo-cms cms--large\">\n            <p><em>\u201eNa\u0161a misija je da pomognemo poljoprivrednicima da re\u0161e jedan od najve\u0107ih izazova: uticaj klimatskih promena, a posebno nedostatak vode koji uti\u010de na njihove useve. Zahvaljuju\u0107i fitosterolima, razvili smo prirodna, efikasna re\u0161enja koja ja\u010daju otpornost biljaka na stres. Na\u0161 me\u0111unarodni uspeh pokazuje relevantnost na\u0161eg pristupa i koristi koje on nosi za razvoj odr\u017eive i otporne poljoprivrede kao podr\u0161ke globalnom prehrambenom suverenitetu,\u201c obja\u0161njava Jean-Fran\u00e7ois D\u00e9chant, generalni direktor kompanije Elicit Plant.<\/em><\/p>\n<p><em>\u201eIzuzetna nam je \u010dast \u0161to smo dobitnici nagrade EY za preduzetnika godine. Time je odato priznanje na\u0161em dosada\u0161njem putu od osnivanja kompanije, preko timske energije koja je sve to omogu\u0107ila, do uspeha u vidu na\u0161eg rasta na me\u0111unarodnom nivou,\u201c dodao je.<\/em><\/p>\n<p>&nbsp;<\/p>\n<h2>Priznanje kao kruna jedne izuzetne godine<\/h2>\n<p>Ova nagrada predstavlja dodatno priznanje, uz nekoliko drugih me\u0111unarodnih priznanja koja su dobijena u 2024. i 2025. godini, uklju\u010duju\u0107i:<\/p>\n<ul>\n<li>Nagradu \u201eWater Agri Innovation Discovery\u201c za 2024. godinu, za najbolju evropsku inovaciju u oblasti raspolaganja vodom u poljoprivredi;<\/li>\n<li>Nagradu \u201eTHRIVE Top 50 AgTech Companies\u201c za 2025. godinu, kojom je kompanija Elicit Plant progla\u0161ena jednom od najinovativnijih kompanija u odr\u017eivoj poljoprivredi;<\/li>\n<li>Nagradu \u201eAgTech Breakthrough\u201c za 2025. godinu, kojom je kompanija Elicit Plant progla\u0161ena \u201eKompanijom godine za odr\u017eivu otpornost useva\u201c.<\/li>\n<\/ul>\n<p>&nbsp;<\/p>\n<p style=\"text-align: center\"><a class=\"cbo-button\" href=\"https:\/\/www.elicit-plant.com\/multi-awarded-for-innovation-and-real-impact\/\">\u0421\u0430\u0437\u043d\u0430\u0458\u0442\u0435 \u0432\u0438\u0448\u0435 \u043e \u043d\u0430\u0448\u0438\u043c \u043d\u0430\u0433\u0440\u0430\u0434\u0430\u043c\u0430<\/a><\/p>\n<p>&nbsp;<\/p>\n<h2>Nastavak misije poljoprivrednih inovacija<\/h2>\n<p>Ovo novo priznanje isti\u010de rad timova i partnera kompanije Elicit Plant koji su posve\u0107eni pru\u017eanju podr\u0161ke poljoprivrednicima u njihovoj tranziciji prema odr\u017eivijoj, produktivnijoj i otpornijoj poljoprivredi.<\/p>\n<p>Ono ja\u010da uverenje kompanije da nauka mo\u017ee na odr\u017eivi na\u010din transformisati poljoprivredne prakse u cilju bolje za\u0161tite useva i prirodnih resursa.<\/p>\n\n            <div style=\"clear: both;\"><\/div>\n        <\/div>\n    <\/div>\n<\/section>\n\n\n\n<section class=\"cbo-slider\">\n    <div class=\"slider-inner cbo-container container--small\">\n\n        <div class=\"slider-list\">\n                            <div class=\"list-el\">\n                    <div class=\"el-inner cbo-picture-cover\">\n                        <img decoding=\"async\" src=\"https:\/\/www.elicit-plant.com\/app\/uploads\/sites\/13\/2025\/10\/Award-Communication-from-Vladi-1024x682.jpg\" srcset=\"https:\/\/www.elicit-plant.com\/app\/uploads\/sites\/13\/2025\/10\/Award-Communication-from-Vladi-320x213.jpg 320w, https:\/\/www.elicit-plant.com\/app\/uploads\/sites\/13\/2025\/10\/Award-Communication-from-Vladi-768x512.jpg 768w, https:\/\/www.elicit-plant.com\/app\/uploads\/sites\/13\/2025\/10\/Award-Communication-from-Vladi-1024x682.jpg 1024w, https:\/\/www.elicit-plant.com\/app\/uploads\/sites\/13\/2025\/10\/Award-Communication-from-Vladi.jpg 1400w\" class=\"\" alt=\"\u041d\u0430\u0433\u0440\u0430\u0434\u0430 EY \u043f\u0440\u0435\u0434\u0443\u0437\u0435\u0442\u043d\u0438\u043a \u0433\u043e\u0434\u0438\u043d\u0435 \u2013 Team Elicit Plant\" width=\"1024\" height=\"682\" sizes=\"auto, 100vw\" loading=\"lazy\" \/>                    <\/div>\n                <\/div>\n                            <div class=\"list-el\">\n                    <div class=\"el-inner cbo-picture-cover\">\n                        <img decoding=\"async\" src=\"https:\/\/www.elicit-plant.com\/app\/uploads\/sites\/13\/2025\/10\/Award-Communication-Photo-1024x682.jpg\" srcset=\"https:\/\/www.elicit-plant.com\/app\/uploads\/sites\/13\/2025\/10\/Award-Communication-Photo-320x213.jpg 320w, https:\/\/www.elicit-plant.com\/app\/uploads\/sites\/13\/2025\/10\/Award-Communication-Photo-768x512.jpg 768w, https:\/\/www.elicit-plant.com\/app\/uploads\/sites\/13\/2025\/10\/Award-Communication-Photo-1024x682.jpg 1024w, https:\/\/www.elicit-plant.com\/app\/uploads\/sites\/13\/2025\/10\/Award-Communication-Photo.jpg 1400w\" class=\"\" alt=\"\u041d\u0430\u0433\u0440\u0430\u0434\u0430 EY \u043f\u0440\u0435\u0434\u0443\u0437\u0435\u0442\u043d\u0438\u043a \u0433\u043e\u0434\u0438\u043d\u0435 - 3 \u0441\u0443\u043e\u0441\u043d\u0438\u0432\u0430\u0447\u0430\" width=\"1024\" height=\"682\" sizes=\"auto, 100vw\" loading=\"lazy\" \/>                    <\/div>\n                <\/div>\n                            <div class=\"list-el\">\n                    <div class=\"el-inner cbo-picture-cover\">\n                        <img decoding=\"async\" src=\"https:\/\/www.elicit-plant.com\/app\/uploads\/sites\/13\/2025\/10\/Award-Communication-Elicit-Plant-1024x682.jpg\" srcset=\"https:\/\/www.elicit-plant.com\/app\/uploads\/sites\/13\/2025\/10\/Award-Communication-Elicit-Plant-320x213.jpg 320w, https:\/\/www.elicit-plant.com\/app\/uploads\/sites\/13\/2025\/10\/Award-Communication-Elicit-Plant-768x512.jpg 768w, https:\/\/www.elicit-plant.com\/app\/uploads\/sites\/13\/2025\/10\/Award-Communication-Elicit-Plant-1024x682.jpg 1024w, https:\/\/www.elicit-plant.com\/app\/uploads\/sites\/13\/2025\/10\/Award-Communication-Elicit-Plant.jpg 1400w\" class=\"\" alt=\"EY Prix de l\u2019Entrepreneur de l\u2019Ann\u00e9e - Jean Fran\u00e7ois D\u00e9chant\" width=\"1024\" height=\"682\" sizes=\"auto, 100vw\" loading=\"lazy\" \/>                    <\/div>\n                <\/div>\n                    <\/div>\n\n    <\/div>\n<\/section>\n\n<section class=\"cbo-productpush\">\n\t<div class=\"productpush-inner cbo-container container--padding\">\n\n\t\t\t\t<h2 class=\"productpush-title\">\n\t\t\t\u041e\u0442\u043a\u0440\u0438\u0458\u0442\u0435 \u043d\u0430\u0448\u0435 \u043f\u0440\u043e\u0438\u0437\u0432\u043e\u0434\u0435 \u0434\u0438\u0437\u0430\u0458\u043d\u0438\u0440\u0430\u043d\u0435 \u0437\u0430 \u0431\u043e\u0440\u0431\u0443 \u043f\u0440\u043e\u0442\u0438\u0432 \u0441\u0442\u0440\u0435\u0441\u0430 \u0437\u0431\u043e\u0433 \u0432\u043e\u0434\u0435\t\t<\/h2>\n\t\t\n\t\t<div class=\"productpush-list\">\n\t\t\t\t\t\t<div class=\"list-el\">\n\t\t\t\t<a href=\"https:\/\/www.elicit-plant.com\/rs\/proizvodi\/elizea-kukuruz-u-zrnu\/\" class=\"cbo-product product--orange\">\n\t<span class=\"product-picture\">\n\t\t<span class=\"picture-background cbo-picture-cover\">\n\t\t\t<img decoding=\"async\" src=\"https:\/\/www.elicit-plant.com\/app\/uploads\/sites\/13\/2025\/04\/Icon-Best-a-317x320.png\" srcset=\"https:\/\/www.elicit-plant.com\/app\/uploads\/sites\/13\/2025\/04\/Icon-Best-a.png 768w, https:\/\/www.elicit-plant.com\/app\/uploads\/sites\/13\/2025\/04\/Icon-Best-a.png 1024w\" class=\"\" alt=\"Icon EliZea\" width=\"317\" height=\"320\" sizes=\"auto, 100vw\" loading=\"lazy\" \/>\t\t<\/span>\n\t\t<span class=\"picture-thumbnail cbo-picture-contain\">\n\t\t\t<img decoding=\"async\" src=\"https:\/\/www.elicit-plant.com\/app\/uploads\/sites\/13\/2025\/04\/EliZea-biais-SR-570x768.png\"  sizes=\"100vw\" class=\"\" alt=\"EliZea kukuruz u zrnu\"  loading=\"lazy\" \/>\t\t<\/span>\n\t<\/span>\n\t<h3 class=\"product-title cbo-title-4\">\n\t\tEliZea : kukuruz u zrnu\t<\/h3>\n<\/a>\t\t\t<\/div>\n\t\t\t\t\t\t<div class=\"list-el\">\n\t\t\t\t<a href=\"https:\/\/www.elicit-plant.com\/rs\/proizvodi\/elizea-kukuruz-za-silazu\/\" class=\"cbo-product product--orange\">\n\t<span class=\"product-picture\">\n\t\t<span class=\"picture-background cbo-picture-cover\">\n\t\t\t<img decoding=\"async\" src=\"https:\/\/www.elicit-plant.com\/app\/uploads\/sites\/13\/2025\/04\/Icon-Best-a-317x320.png\" srcset=\"https:\/\/www.elicit-plant.com\/app\/uploads\/sites\/13\/2025\/04\/Icon-Best-a.png 768w, https:\/\/www.elicit-plant.com\/app\/uploads\/sites\/13\/2025\/04\/Icon-Best-a.png 1024w\" class=\"\" alt=\"Icon EliZea\" width=\"317\" height=\"320\" sizes=\"auto, 100vw\" loading=\"lazy\" \/>\t\t<\/span>\n\t\t<span class=\"picture-thumbnail cbo-picture-contain\">\n\t\t\t<img decoding=\"async\" src=\"https:\/\/www.elicit-plant.com\/app\/uploads\/sites\/13\/2025\/04\/EliZea-biais-SR-570x768.png\"  sizes=\"100vw\" class=\"\" alt=\"EliZea kukuruz u zrnu\"  loading=\"lazy\" \/>\t\t<\/span>\n\t<\/span>\n\t<h3 class=\"product-title cbo-title-4\">\n\t\tEliZea : kukuruz za sila\u017eu\t<\/h3>\n<\/a>\t\t\t<\/div>\n\t\t\t\t\t<\/div>\n\n\t<\/div>\n<\/section>\n\n<section class=\"cbo-featuredlinks featuredlinks--colorwhite\">\n\t<div class=\"featuredlinks-inner cbo-container \">\n\n\t\t\t\t\t<h2 class=\"cbo-title-2 featuredlinks-title\">\n\t\t\t\t\u041d\u0430\u0448\u0435 \u0434\u0440\u0443\u0433\u0435 \u0432\u0435\u0441\u0442\u0438\t\t\t<\/h2>\n\t\t\n\t\t<div class=\"featuredlinks-list\" data-anim-group data-group-delay=\"100\">\n\t\t\t\n\t\t\t<div class=\"list-el\">\n\t\t\t\t<a class=\"el-inner\" href=\"https:\/\/www.elicit-plant.com\/rs\/vesti\/kompanija-elicit-plant-dobitnik-je-nagrade-agtech-breakthrough-za-2025-godinu\/\">\n\n\t\t\t\t\t<figure class=\"inner-picture cbo-picture-cover\">\n\t\t\t\t\t\t<img decoding=\"async\" src=\"https:\/\/www.elicit-plant.com\/app\/uploads\/sites\/13\/2025\/08\/AgTech-Breakthrough-Awards-Badge-2025-768x429.jpg\" srcset=\"https:\/\/www.elicit-plant.com\/app\/uploads\/sites\/13\/2025\/08\/AgTech-Breakthrough-Awards-Badge-2025-320x179.jpg 320w, https:\/\/www.elicit-plant.com\/app\/uploads\/sites\/13\/2025\/08\/AgTech-Breakthrough-Awards-Badge-2025-768x429.jpg 840w, https:\/\/www.elicit-plant.com\/app\/uploads\/sites\/13\/2025\/08\/AgTech-Breakthrough-Awards-Badge-2025-768x429.jpg 1024w, https:\/\/www.elicit-plant.com\/app\/uploads\/sites\/13\/2025\/08\/AgTech-Breakthrough-Awards-Badge-2025-768x429.jpg 1400w\" class=\"\" alt=\"AgTech Breakthrough Awards Badge 2025\" width=\"768\" height=\"429\" sizes=\"auto, 100vw\" loading=\"lazy\" \/>\t\t\t\t\t<\/figure>\n\n\t\t\t\t\t<h3 class=\"inner-title cbo-title-3\">\n\t\t\t\t\t\tKompanija Elicit Plant dobitnik je nagrade AgTech Breakthrough za 2025. godinu\t\t\t\t\t<\/h3>\n\n\t\t\t\t\t<span class=\"inner-button cbo-buttonmore\">\n\t\t\t\t\t\t<i class=\"icon icon-cross\"><\/i>\n\t\t\t\t\t<\/span>\n\t\t\t\t<\/a>\n\t\t\t<\/div>\n\n\t\t\t\n\t\t\t<div class=\"list-el\">\n\t\t\t\t<a class=\"el-inner\" href=\"https:\/\/www.elicit-plant.com\/rs\/vesti\/elicit-plant-je-osvojio-nagradu-za-najbolju-inovaciju-na-water-agri-innovation-discovery-summit-u-za-svoja-resenja-za-upravljanje-vodom\/\">\n\n\t\t\t\t\t<figure class=\"inner-picture cbo-picture-cover\">\n\t\t\t\t\t\t<img decoding=\"async\" src=\"https:\/\/www.elicit-plant.com\/app\/uploads\/sites\/13\/2025\/04\/ELICIT1-1-768x469.jpg\" srcset=\"https:\/\/www.elicit-plant.com\/app\/uploads\/sites\/13\/2025\/04\/ELICIT1-1-320x196.jpg 320w, https:\/\/www.elicit-plant.com\/app\/uploads\/sites\/13\/2025\/04\/ELICIT1-1-768x469.jpg 840w, https:\/\/www.elicit-plant.com\/app\/uploads\/sites\/13\/2025\/04\/ELICIT1-1-768x469.jpg 1024w, https:\/\/www.elicit-plant.com\/app\/uploads\/sites\/13\/2025\/04\/ELICIT1-1-768x469.jpg 1400w\" class=\"\" alt=\"Elicit Plant je osvojio nagradu za najbolju inovaciju na Water Agri Innovation Discovery Summit-u za svoja re\u0161enja za upravljanje vodom\" width=\"768\" height=\"469\" sizes=\"auto, 100vw\" loading=\"lazy\" \/>\t\t\t\t\t<\/figure>\n\n\t\t\t\t\t<h3 class=\"inner-title cbo-title-3\">\n\t\t\t\t\t\tElicit Plant je osvojio nagradu za najbolju inovaciju na Water Agri Innovation Discovery Summit-u za svoja re\u0161enja za upravljanje vodom\t\t\t\t\t<\/h3>\n\n\t\t\t\t\t<span class=\"inner-button cbo-buttonmore\">\n\t\t\t\t\t\t<i class=\"icon icon-cross\"><\/i>\n\t\t\t\t\t<\/span>\n\t\t\t\t<\/a>\n\t\t\t<\/div>\n\n\t\t\t\t\t<\/div>\n\n\t<\/div>\n<\/section>\n","protected":false},"excerpt":{"rendered":"<p>Kompanija Elicit Plant progla\u0161ena je \u201estartap kompanijom godine\u201c na dodeli nagrada EY preduzetnik godine za 2025. godinu. Ovo nacionalno priznanje slavi brzi rast kompanije, njene nau\u010dne inovacije zasnovane na fitosterolima, kao i posve\u0107enost izgradnji odr\u017eivije i otpornije poljoprivrede.<\/p>\n","protected":false},"featured_media":550,"template":"","meta":{"_acf_changed":true},"news_category":[],"class_list":["post-549","news","type-news","status-publish","has-post-thumbnail","hentry"],"acf":[],"yoast_head":"<!-- This site is optimized with the Yoast SEO plugin v27.3 - https:\/\/yoast.com\/product\/yoast-seo-wordpress\/ -->\n<title>Kompanija Elicit Plant osvojila je nagradu \u201eEY National Entrepreneur of the Year\u201c (nacionalni preduzetnik godine), u kategoriji startap kompanija - Elicit Plant Srbija<\/title>\n<meta name=\"description\" content=\"\u041a\u043e\u043c\u043f\u0430\u043d\u0438\u0458\u0430 Elicit Plant \u043e\u0441\u0432\u0430\u0458\u0430 \u043d\u0430\u0433\u0440\u0430\u0434\u0443 \u201e\u0421\u0442\u0430\u0440\u0442\u0430\u043f \u0433\u043e\u0434\u0438\u043d\u0435\u201c \u043d\u0430 \u0434\u043e\u0434\u0435\u043b\u0438 \u043d\u0430\u0433\u0440\u0430\u0434\u0430 EY 2025, \u043e\u0434\u0430\u0458\u0443\u045b\u0438 \u043f\u043e\u0447\u0430\u0441\u0442 \u045a\u0435\u043d\u043e\u0458 \u0438\u043d\u043e\u0432\u0430\u0446\u0438\u0458\u0438 \u0437\u0430\u0441\u043d\u043e\u0432\u0430\u043d\u043e\u0458 \u043d\u0430 \u0444\u0438\u0442\u043e\u0441\u0442\u0435\u0440\u043e\u043b\u0438\u043c\u0430 \u0438 \u043f\u043e\u0441\u0432\u0435\u045b\u0435\u043d\u043e\u0441\u0442\u0438 \u043e\u0434\u0440\u0436\u0438\u0432\u043e\u0458 \u043f\u043e\u0459\u043e\u043f\u0440\u0438\u0432\u0440\u0435\u0434\u0438.\" \/>\n<meta name=\"robots\" content=\"index, follow, max-snippet:-1, max-image-preview:large, max-video-preview:-1\" \/>\n<link rel=\"canonical\" href=\"https:\/\/www.elicit-plant.com\/rs\/vesti\/kompanija-elicit-plant-osvojila-je-nagradu-ey-national-entrepreneur-of-the-year-nacionalni-preduzetnik-godine-u-kategoriji-startap-kompanija\/\" \/>\n<meta property=\"og:locale\" content=\"sr_RS\" \/>\n<meta property=\"og:type\" content=\"article\" \/>\n<meta property=\"og:title\" content=\"Kompanija Elicit Plant osvojila je nagradu \u201eEY National Entrepreneur of the Year\u201c (nacionalni preduzetnik godine), u kategoriji startap kompanija - Elicit Plant Srbija\" \/>\n<meta property=\"og:description\" content=\"\u041a\u043e\u043c\u043f\u0430\u043d\u0438\u0458\u0430 Elicit Plant \u043e\u0441\u0432\u0430\u0458\u0430 \u043d\u0430\u0433\u0440\u0430\u0434\u0443 \u201e\u0421\u0442\u0430\u0440\u0442\u0430\u043f \u0433\u043e\u0434\u0438\u043d\u0435\u201c \u043d\u0430 \u0434\u043e\u0434\u0435\u043b\u0438 \u043d\u0430\u0433\u0440\u0430\u0434\u0430 EY 2025, \u043e\u0434\u0430\u0458\u0443\u045b\u0438 \u043f\u043e\u0447\u0430\u0441\u0442 \u045a\u0435\u043d\u043e\u0458 \u0438\u043d\u043e\u0432\u0430\u0446\u0438\u0458\u0438 \u0437\u0430\u0441\u043d\u043e\u0432\u0430\u043d\u043e\u0458 \u043d\u0430 \u0444\u0438\u0442\u043e\u0441\u0442\u0435\u0440\u043e\u043b\u0438\u043c\u0430 \u0438 \u043f\u043e\u0441\u0432\u0435\u045b\u0435\u043d\u043e\u0441\u0442\u0438 \u043e\u0434\u0440\u0436\u0438\u0432\u043e\u0458 \u043f\u043e\u0459\u043e\u043f\u0440\u0438\u0432\u0440\u0435\u0434\u0438.\" \/>\n<meta property=\"og:url\" content=\"https:\/\/www.elicit-plant.com\/rs\/vesti\/kompanija-elicit-plant-osvojila-je-nagradu-ey-national-entrepreneur-of-the-year-nacionalni-preduzetnik-godine-u-kategoriji-startap-kompanija\/\" \/>\n<meta property=\"og:site_name\" content=\"Elicit Plant Srbija\" \/>\n<meta property=\"article:modified_time\" content=\"2025-10-15T18:47:11+00:00\" \/>\n<meta property=\"og:image\" content=\"https:\/\/www.elicit-plant.com\/app\/uploads\/sites\/13\/2025\/10\/Award-Communication-Arnaud-Mallez.jpg\" \/>\n\t<meta property=\"og:image:width\" content=\"1268\" \/>\n\t<meta property=\"og:image:height\" content=\"845\" \/>\n\t<meta property=\"og:image:type\" content=\"image\/jpeg\" \/>\n<meta name=\"twitter:card\" content=\"summary_large_image\" \/>\n<meta name=\"twitter:label1\" content=\"\u041f\u0440\u043e\u0446\u0435\u045a\u0435\u043d\u043e \u0432\u0440\u0435\u043c\u0435 \u0447\u0438\u0442\u0430\u045a\u0430\" \/>\n\t<meta name=\"twitter:data1\" content=\"1 \u043c\u0438\u043d\u0443\u0442\" \/>\n<script type=\"application\/ld+json\" class=\"yoast-schema-graph\">{\"@context\":\"https:\\\/\\\/schema.org\",\"@graph\":[{\"@type\":\"WebPage\",\"@id\":\"https:\\\/\\\/www.elicit-plant.com\\\/rs\\\/vesti\\\/kompanija-elicit-plant-osvojila-je-nagradu-ey-national-entrepreneur-of-the-year-nacionalni-preduzetnik-godine-u-kategoriji-startap-kompanija\\\/\",\"url\":\"https:\\\/\\\/www.elicit-plant.com\\\/rs\\\/vesti\\\/kompanija-elicit-plant-osvojila-je-nagradu-ey-national-entrepreneur-of-the-year-nacionalni-preduzetnik-godine-u-kategoriji-startap-kompanija\\\/\",\"name\":\"Kompanija Elicit Plant osvojila je nagradu \u201eEY National Entrepreneur of the Year\u201c (nacionalni preduzetnik godine), u kategoriji startap kompanija - Elicit Plant Srbija\",\"isPartOf\":{\"@id\":\"https:\\\/\\\/www.elicit-plant.com\\\/rs\\\/#website\"},\"primaryImageOfPage\":{\"@id\":\"https:\\\/\\\/www.elicit-plant.com\\\/rs\\\/vesti\\\/kompanija-elicit-plant-osvojila-je-nagradu-ey-national-entrepreneur-of-the-year-nacionalni-preduzetnik-godine-u-kategoriji-startap-kompanija\\\/#primaryimage\"},\"image\":{\"@id\":\"https:\\\/\\\/www.elicit-plant.com\\\/rs\\\/vesti\\\/kompanija-elicit-plant-osvojila-je-nagradu-ey-national-entrepreneur-of-the-year-nacionalni-preduzetnik-godine-u-kategoriji-startap-kompanija\\\/#primaryimage\"},\"thumbnailUrl\":\"https:\\\/\\\/www.elicit-plant.com\\\/app\\\/uploads\\\/sites\\\/13\\\/2025\\\/10\\\/Award-Communication-Arnaud-Mallez.jpg\",\"datePublished\":\"2025-10-15T18:47:10+00:00\",\"dateModified\":\"2025-10-15T18:47:11+00:00\",\"description\":\"\u041a\u043e\u043c\u043f\u0430\u043d\u0438\u0458\u0430 Elicit Plant \u043e\u0441\u0432\u0430\u0458\u0430 \u043d\u0430\u0433\u0440\u0430\u0434\u0443 \u201e\u0421\u0442\u0430\u0440\u0442\u0430\u043f \u0433\u043e\u0434\u0438\u043d\u0435\u201c \u043d\u0430 \u0434\u043e\u0434\u0435\u043b\u0438 \u043d\u0430\u0433\u0440\u0430\u0434\u0430 EY 2025, \u043e\u0434\u0430\u0458\u0443\u045b\u0438 \u043f\u043e\u0447\u0430\u0441\u0442 \u045a\u0435\u043d\u043e\u0458 \u0438\u043d\u043e\u0432\u0430\u0446\u0438\u0458\u0438 \u0437\u0430\u0441\u043d\u043e\u0432\u0430\u043d\u043e\u0458 \u043d\u0430 \u0444\u0438\u0442\u043e\u0441\u0442\u0435\u0440\u043e\u043b\u0438\u043c\u0430 \u0438 \u043f\u043e\u0441\u0432\u0435\u045b\u0435\u043d\u043e\u0441\u0442\u0438 \u043e\u0434\u0440\u0436\u0438\u0432\u043e\u0458 \u043f\u043e\u0459\u043e\u043f\u0440\u0438\u0432\u0440\u0435\u0434\u0438.\",\"breadcrumb\":{\"@id\":\"https:\\\/\\\/www.elicit-plant.com\\\/rs\\\/vesti\\\/kompanija-elicit-plant-osvojila-je-nagradu-ey-national-entrepreneur-of-the-year-nacionalni-preduzetnik-godine-u-kategoriji-startap-kompanija\\\/#breadcrumb\"},\"inLanguage\":\"sr-RS\",\"potentialAction\":[{\"@type\":\"ReadAction\",\"target\":[\"https:\\\/\\\/www.elicit-plant.com\\\/rs\\\/vesti\\\/kompanija-elicit-plant-osvojila-je-nagradu-ey-national-entrepreneur-of-the-year-nacionalni-preduzetnik-godine-u-kategoriji-startap-kompanija\\\/\"]}]},{\"@type\":\"ImageObject\",\"inLanguage\":\"sr-RS\",\"@id\":\"https:\\\/\\\/www.elicit-plant.com\\\/rs\\\/vesti\\\/kompanija-elicit-plant-osvojila-je-nagradu-ey-national-entrepreneur-of-the-year-nacionalni-preduzetnik-godine-u-kategoriji-startap-kompanija\\\/#primaryimage\",\"url\":\"https:\\\/\\\/www.elicit-plant.com\\\/app\\\/uploads\\\/sites\\\/13\\\/2025\\\/10\\\/Award-Communication-Arnaud-Mallez.jpg\",\"contentUrl\":\"https:\\\/\\\/www.elicit-plant.com\\\/app\\\/uploads\\\/sites\\\/13\\\/2025\\\/10\\\/Award-Communication-Arnaud-Mallez.jpg\",\"width\":1268,\"height\":845,\"caption\":\"Elicit Plant osvaja nacionalnu nagradu EY Preduzetnik godine \u2013 kategorija Start-up\"},{\"@type\":\"BreadcrumbList\",\"@id\":\"https:\\\/\\\/www.elicit-plant.com\\\/rs\\\/vesti\\\/kompanija-elicit-plant-osvojila-je-nagradu-ey-national-entrepreneur-of-the-year-nacionalni-preduzetnik-godine-u-kategoriji-startap-kompanija\\\/#breadcrumb\",\"itemListElement\":[{\"@type\":\"ListItem\",\"position\":1,\"name\":\"Accueil\",\"item\":\"https:\\\/\\\/www.elicit-plant.com\\\/rs\\\/\"},{\"@type\":\"ListItem\",\"position\":2,\"name\":\"Actualit\u00e9s\",\"item\":\"https:\\\/\\\/www.elicit-plant.com\\\/rs\\\/news\\\/\"},{\"@type\":\"ListItem\",\"position\":3,\"name\":\"Kompanija Elicit Plant osvojila je nagradu \u201eEY National Entrepreneur of the Year\u201c (nacionalni preduzetnik godine), u kategoriji startap kompanija\"}]},{\"@type\":\"WebSite\",\"@id\":\"https:\\\/\\\/www.elicit-plant.com\\\/rs\\\/#website\",\"url\":\"https:\\\/\\\/www.elicit-plant.com\\\/rs\\\/\",\"name\":\"Elicit Plant Srbija\",\"description\":\"\",\"potentialAction\":[{\"@type\":\"SearchAction\",\"target\":{\"@type\":\"EntryPoint\",\"urlTemplate\":\"https:\\\/\\\/www.elicit-plant.com\\\/rs\\\/?s={search_term_string}\"},\"query-input\":{\"@type\":\"PropertyValueSpecification\",\"valueRequired\":true,\"valueName\":\"search_term_string\"}}],\"inLanguage\":\"sr-RS\"}]}<\/script>\n<!-- \/ Yoast SEO plugin. -->","yoast_head_json":{"title":"Kompanija Elicit Plant osvojila je nagradu \u201eEY National Entrepreneur of the Year\u201c (nacionalni preduzetnik godine), u kategoriji startap kompanija - Elicit Plant Srbija","description":"\u041a\u043e\u043c\u043f\u0430\u043d\u0438\u0458\u0430 Elicit Plant \u043e\u0441\u0432\u0430\u0458\u0430 \u043d\u0430\u0433\u0440\u0430\u0434\u0443 \u201e\u0421\u0442\u0430\u0440\u0442\u0430\u043f \u0433\u043e\u0434\u0438\u043d\u0435\u201c \u043d\u0430 \u0434\u043e\u0434\u0435\u043b\u0438 \u043d\u0430\u0433\u0440\u0430\u0434\u0430 EY 2025, \u043e\u0434\u0430\u0458\u0443\u045b\u0438 \u043f\u043e\u0447\u0430\u0441\u0442 \u045a\u0435\u043d\u043e\u0458 \u0438\u043d\u043e\u0432\u0430\u0446\u0438\u0458\u0438 \u0437\u0430\u0441\u043d\u043e\u0432\u0430\u043d\u043e\u0458 \u043d\u0430 \u0444\u0438\u0442\u043e\u0441\u0442\u0435\u0440\u043e\u043b\u0438\u043c\u0430 \u0438 \u043f\u043e\u0441\u0432\u0435\u045b\u0435\u043d\u043e\u0441\u0442\u0438 \u043e\u0434\u0440\u0436\u0438\u0432\u043e\u0458 \u043f\u043e\u0459\u043e\u043f\u0440\u0438\u0432\u0440\u0435\u0434\u0438.","robots":{"index":"index","follow":"follow","max-snippet":"max-snippet:-1","max-image-preview":"max-image-preview:large","max-video-preview":"max-video-preview:-1"},"canonical":"https:\/\/www.elicit-plant.com\/rs\/vesti\/kompanija-elicit-plant-osvojila-je-nagradu-ey-national-entrepreneur-of-the-year-nacionalni-preduzetnik-godine-u-kategoriji-startap-kompanija\/","og_locale":"sr_RS","og_type":"article","og_title":"Kompanija Elicit Plant osvojila je nagradu \u201eEY National Entrepreneur of the Year\u201c (nacionalni preduzetnik godine), u kategoriji startap kompanija - Elicit Plant Srbija","og_description":"\u041a\u043e\u043c\u043f\u0430\u043d\u0438\u0458\u0430 Elicit Plant \u043e\u0441\u0432\u0430\u0458\u0430 \u043d\u0430\u0433\u0440\u0430\u0434\u0443 \u201e\u0421\u0442\u0430\u0440\u0442\u0430\u043f \u0433\u043e\u0434\u0438\u043d\u0435\u201c \u043d\u0430 \u0434\u043e\u0434\u0435\u043b\u0438 \u043d\u0430\u0433\u0440\u0430\u0434\u0430 EY 2025, \u043e\u0434\u0430\u0458\u0443\u045b\u0438 \u043f\u043e\u0447\u0430\u0441\u0442 \u045a\u0435\u043d\u043e\u0458 \u0438\u043d\u043e\u0432\u0430\u0446\u0438\u0458\u0438 \u0437\u0430\u0441\u043d\u043e\u0432\u0430\u043d\u043e\u0458 \u043d\u0430 \u0444\u0438\u0442\u043e\u0441\u0442\u0435\u0440\u043e\u043b\u0438\u043c\u0430 \u0438 \u043f\u043e\u0441\u0432\u0435\u045b\u0435\u043d\u043e\u0441\u0442\u0438 \u043e\u0434\u0440\u0436\u0438\u0432\u043e\u0458 \u043f\u043e\u0459\u043e\u043f\u0440\u0438\u0432\u0440\u0435\u0434\u0438.","og_url":"https:\/\/www.elicit-plant.com\/rs\/vesti\/kompanija-elicit-plant-osvojila-je-nagradu-ey-national-entrepreneur-of-the-year-nacionalni-preduzetnik-godine-u-kategoriji-startap-kompanija\/","og_site_name":"Elicit Plant Srbija","article_modified_time":"2025-10-15T18:47:11+00:00","og_image":[{"width":1268,"height":845,"url":"https:\/\/www.elicit-plant.com\/app\/uploads\/sites\/13\/2025\/10\/Award-Communication-Arnaud-Mallez.jpg","type":"image\/jpeg"}],"twitter_card":"summary_large_image","twitter_misc":{"\u041f\u0440\u043e\u0446\u0435\u045a\u0435\u043d\u043e \u0432\u0440\u0435\u043c\u0435 \u0447\u0438\u0442\u0430\u045a\u0430":"1 \u043c\u0438\u043d\u0443\u0442"},"schema":{"@context":"https:\/\/schema.org","@graph":[{"@type":"WebPage","@id":"https:\/\/www.elicit-plant.com\/rs\/vesti\/kompanija-elicit-plant-osvojila-je-nagradu-ey-national-entrepreneur-of-the-year-nacionalni-preduzetnik-godine-u-kategoriji-startap-kompanija\/","url":"https:\/\/www.elicit-plant.com\/rs\/vesti\/kompanija-elicit-plant-osvojila-je-nagradu-ey-national-entrepreneur-of-the-year-nacionalni-preduzetnik-godine-u-kategoriji-startap-kompanija\/","name":"Kompanija Elicit Plant osvojila je nagradu \u201eEY National Entrepreneur of the Year\u201c (nacionalni preduzetnik godine), u kategoriji startap kompanija - Elicit Plant Srbija","isPartOf":{"@id":"https:\/\/www.elicit-plant.com\/rs\/#website"},"primaryImageOfPage":{"@id":"https:\/\/www.elicit-plant.com\/rs\/vesti\/kompanija-elicit-plant-osvojila-je-nagradu-ey-national-entrepreneur-of-the-year-nacionalni-preduzetnik-godine-u-kategoriji-startap-kompanija\/#primaryimage"},"image":{"@id":"https:\/\/www.elicit-plant.com\/rs\/vesti\/kompanija-elicit-plant-osvojila-je-nagradu-ey-national-entrepreneur-of-the-year-nacionalni-preduzetnik-godine-u-kategoriji-startap-kompanija\/#primaryimage"},"thumbnailUrl":"https:\/\/www.elicit-plant.com\/app\/uploads\/sites\/13\/2025\/10\/Award-Communication-Arnaud-Mallez.jpg","datePublished":"2025-10-15T18:47:10+00:00","dateModified":"2025-10-15T18:47:11+00:00","description":"\u041a\u043e\u043c\u043f\u0430\u043d\u0438\u0458\u0430 Elicit Plant \u043e\u0441\u0432\u0430\u0458\u0430 \u043d\u0430\u0433\u0440\u0430\u0434\u0443 \u201e\u0421\u0442\u0430\u0440\u0442\u0430\u043f \u0433\u043e\u0434\u0438\u043d\u0435\u201c \u043d\u0430 \u0434\u043e\u0434\u0435\u043b\u0438 \u043d\u0430\u0433\u0440\u0430\u0434\u0430 EY 2025, \u043e\u0434\u0430\u0458\u0443\u045b\u0438 \u043f\u043e\u0447\u0430\u0441\u0442 \u045a\u0435\u043d\u043e\u0458 \u0438\u043d\u043e\u0432\u0430\u0446\u0438\u0458\u0438 \u0437\u0430\u0441\u043d\u043e\u0432\u0430\u043d\u043e\u0458 \u043d\u0430 \u0444\u0438\u0442\u043e\u0441\u0442\u0435\u0440\u043e\u043b\u0438\u043c\u0430 \u0438 \u043f\u043e\u0441\u0432\u0435\u045b\u0435\u043d\u043e\u0441\u0442\u0438 \u043e\u0434\u0440\u0436\u0438\u0432\u043e\u0458 \u043f\u043e\u0459\u043e\u043f\u0440\u0438\u0432\u0440\u0435\u0434\u0438.","breadcrumb":{"@id":"https:\/\/www.elicit-plant.com\/rs\/vesti\/kompanija-elicit-plant-osvojila-je-nagradu-ey-national-entrepreneur-of-the-year-nacionalni-preduzetnik-godine-u-kategoriji-startap-kompanija\/#breadcrumb"},"inLanguage":"sr-RS","potentialAction":[{"@type":"ReadAction","target":["https:\/\/www.elicit-plant.com\/rs\/vesti\/kompanija-elicit-plant-osvojila-je-nagradu-ey-national-entrepreneur-of-the-year-nacionalni-preduzetnik-godine-u-kategoriji-startap-kompanija\/"]}]},{"@type":"ImageObject","inLanguage":"sr-RS","@id":"https:\/\/www.elicit-plant.com\/rs\/vesti\/kompanija-elicit-plant-osvojila-je-nagradu-ey-national-entrepreneur-of-the-year-nacionalni-preduzetnik-godine-u-kategoriji-startap-kompanija\/#primaryimage","url":"https:\/\/www.elicit-plant.com\/app\/uploads\/sites\/13\/2025\/10\/Award-Communication-Arnaud-Mallez.jpg","contentUrl":"https:\/\/www.elicit-plant.com\/app\/uploads\/sites\/13\/2025\/10\/Award-Communication-Arnaud-Mallez.jpg","width":1268,"height":845,"caption":"Elicit Plant osvaja nacionalnu nagradu EY Preduzetnik godine \u2013 kategorija Start-up"},{"@type":"BreadcrumbList","@id":"https:\/\/www.elicit-plant.com\/rs\/vesti\/kompanija-elicit-plant-osvojila-je-nagradu-ey-national-entrepreneur-of-the-year-nacionalni-preduzetnik-godine-u-kategoriji-startap-kompanija\/#breadcrumb","itemListElement":[{"@type":"ListItem","position":1,"name":"Accueil","item":"https:\/\/www.elicit-plant.com\/rs\/"},{"@type":"ListItem","position":2,"name":"Actualit\u00e9s","item":"https:\/\/www.elicit-plant.com\/rs\/news\/"},{"@type":"ListItem","position":3,"name":"Kompanija Elicit Plant osvojila je nagradu \u201eEY National Entrepreneur of the Year\u201c (nacionalni preduzetnik godine), u kategoriji startap kompanija"}]},{"@type":"WebSite","@id":"https:\/\/www.elicit-plant.com\/rs\/#website","url":"https:\/\/www.elicit-plant.com\/rs\/","name":"Elicit Plant Srbija","description":"","potentialAction":[{"@type":"SearchAction","target":{"@type":"EntryPoint","urlTemplate":"https:\/\/www.elicit-plant.com\/rs\/?s={search_term_string}"},"query-input":{"@type":"PropertyValueSpecification","valueRequired":true,"valueName":"search_term_string"}}],"inLanguage":"sr-RS"}]}},"_links":{"self":[{"href":"https:\/\/www.elicit-plant.com\/rs\/wp-json\/wp\/v2\/news\/549","targetHints":{"allow":["GET"]}}],"collection":[{"href":"https:\/\/www.elicit-plant.com\/rs\/wp-json\/wp\/v2\/news"}],"about":[{"href":"https:\/\/www.elicit-plant.com\/rs\/wp-json\/wp\/v2\/types\/news"}],"wp:featuredmedia":[{"embeddable":true,"href":"https:\/\/www.elicit-plant.com\/rs\/wp-json\/wp\/v2\/media\/550"}],"wp:attachment":[{"href":"https:\/\/www.elicit-plant.com\/rs\/wp-json\/wp\/v2\/media?parent=549"}],"wp:term":[{"taxonomy":"news_category","embeddable":true,"href":"https:\/\/www.elicit-plant.com\/rs\/wp-json\/wp\/v2\/news_category?post=549"}],"curies":[{"name":"wp","href":"https:\/\/api.w.org\/{rel}","templated":true}]}}