{"id":784,"date":"2026-04-20T09:29:16","date_gmt":"2026-04-20T07:29:16","guid":{"rendered":"https:\/\/www.elicit-plant.com\/rs\/?p=784"},"modified":"2026-04-20T12:24:09","modified_gmt":"2026-04-20T10:24:09","slug":"vojvodina-2026-zima-je-dala-prolece-uzima","status":"publish","type":"post","link":"https:\/\/www.elicit-plant.com\/rs\/klimatske-promene\/vojvodina-2026-zima-je-dala-prolece-uzima\/","title":{"rendered":"Vojvodina 2026: zima je dala, prole\u0107e uzima"},"content":{"rendered":"<section class=\"cbo-picture picture--contained\">\n\t<div class=\"picture-inner cbo-container container--small\">\n\t\t<div class=\"picture-element cbo-picture-cover\">\n\t\t\t<img decoding=\"async\" src=\"https:\/\/www.elicit-plant.com\/app\/uploads\/sites\/13\/2026\/04\/Untitled-design-10-1024x683.jpg\" srcset=\"https:\/\/www.elicit-plant.com\/app\/uploads\/sites\/13\/2026\/04\/Untitled-design-10-320x213.jpg 320w, https:\/\/www.elicit-plant.com\/app\/uploads\/sites\/13\/2026\/04\/Untitled-design-10-768x512.jpg 840w, https:\/\/www.elicit-plant.com\/app\/uploads\/sites\/13\/2026\/04\/Untitled-design-10-1024x683.jpg 1024w, https:\/\/www.elicit-plant.com\/app\/uploads\/sites\/13\/2026\/04\/Untitled-design-10-1400x933.jpg 1400w\" class=\"\" alt=\"\" width=\"1024\" height=\"683\" sizes=\"auto, 100vw\" loading=\"lazy\" \/>\t\t<\/div>\n\n\t\t\t<\/div>\n<\/section>\n\n<section class=\"cbo-text cbo-margin-container\">\n    <div class=\"\n        text-inner\n                cbo-container\n        container--small        \"\n    >\n        <div class=\"text-content cbo-cms cms--large\">\n            <p>Kada poljoprivrednik u aprilu iza\u0111e na njivu i vidi da je ozima p\u0161enica prezimila u dobrom stanju, prvi ose\u0107aj je olak\u0161anje. Druga misao, kod iskusnog gazde, skoro uvek glasi: <em>&#8222;Dobro, a \u0161ta sada?&#8220;<\/em><\/p>\n<p>Jer prezimljavanje je samo prvi deo pri\u010de. Prava sezona za ozime \u017eitarice tek po\u010dinje \u2013 i odluke koje donosimo u narednih nekoliko nedelja odredi\u0107e koliko \u0107emo imati u kombajnu krajem juna.<\/p>\n<p>Da bismo videli sa \u010dime ta\u010dno ulazimo u 2026. sezonu, analizirali smo dnevne meteo podatke za \u010detiri lokacije u Vojvodini \u2013 Ba\u010dku, Novi Sad, Banat i Srem \u2013 za period od 1. oktobra 2025. do 16. aprila 2026. Pri\u010da koju ovi podaci pri\u010daju je zanimljiva, i ima jednu zajedni\u010dku poruku za sve nas.<\/p>\n<h2><strong>Zima je bila dare\u017eljiva<\/strong><\/h2>\n<p>Jesen 2025. krenula je lo\u0161e za celu Vojvodinu. Oktobar je bio suv u svim regionima, sa vodnim bilansom od \u201317 do \u201337 mm (\u0161to zna\u010di da je zemlji\u0161te gubilo vi\u0161e vode isparavanjem nego \u0161to je dobijalo od padavina). Setva ozimih useva je u mnogim delovima kasnila ili se obavljala u suvim uslovima.<\/p>\n<p>Ali onda je stigla zima \u2013 i donela olak\u0161anje.<\/p>\n<div id=\"attachment_810\" style=\"width: 1034px\" class=\"wp-caption alignnone\"><img loading=\"lazy\" decoding=\"async\" aria-describedby=\"caption-attachment-810\" class=\"size-medium wp-image-810\" src=\"https:\/\/www.elicit-plant.com\/app\/uploads\/sites\/13\/2026\/04\/Slika-1.-Mesecne-padavine-u-cetiri-regiona-Vojvodine-2-1024x683.jpg\" alt=\"\" width=\"1024\" height=\"683\" srcset=\"https:\/\/www.elicit-plant.com\/app\/uploads\/sites\/13\/2026\/04\/Slika-1.-Mesecne-padavine-u-cetiri-regiona-Vojvodine-2-1024x683.jpg 1024w, https:\/\/www.elicit-plant.com\/app\/uploads\/sites\/13\/2026\/04\/Slika-1.-Mesecne-padavine-u-cetiri-regiona-Vojvodine-2-1400x933.jpg 1400w, https:\/\/www.elicit-plant.com\/app\/uploads\/sites\/13\/2026\/04\/Slika-1.-Mesecne-padavine-u-cetiri-regiona-Vojvodine-2-768x512.jpg 768w, https:\/\/www.elicit-plant.com\/app\/uploads\/sites\/13\/2026\/04\/Slika-1.-Mesecne-padavine-u-cetiri-regiona-Vojvodine-2-320x213.jpg 320w, https:\/\/www.elicit-plant.com\/app\/uploads\/sites\/13\/2026\/04\/Slika-1.-Mesecne-padavine-u-cetiri-regiona-Vojvodine-2.jpg 1440w\" sizes=\"auto, (max-width: 1024px) 100vw, 1024px\" \/><\/p>\n<p id=\"caption-attachment-810\" class=\"wp-caption-text\">Slika 1. Mese\u010dne padavine u \u010detiri regiona Vojvodine<\/p>\n<\/div>\n<p>Januar 2026. bio je izuzetan \u2013 u Novom Sadu je palo \u010dak 102 mm padavina, u Banatu 91 mm. Februar je nastavio trend sa 50\u201371 mm. Zemlji\u0161te je dobro napunjeno u dubljim slojevima, i to je razlog za\u0161to p\u0161enica danas izgleda dobro.<\/p>\n<p>Temperature tokom zime bile su umerene \u2013 nijedna lokacija nije zabele\u017eila ekstreman mraz koji bi ugrozio dobro otvrdnule useve. Najhladnije je bilo u Sremu (\u201313\u00b0C) i Banatu (\u201312\u00b0C), ali uvek u periodima kada je sne\u017eni pokriva\u010d bio prisutan i \u0161titio tillering nodu.<\/p>\n<ul>\n<li>Novi Sad: najbla\u017ea zima, 29 dana mraza, min. \u20136.2\u00b0C<\/li>\n<li>Ba\u010dka: 37 dana mraza, min. \u201310.2\u00b0C<\/li>\n<li>Banat: 43 dana mraza, min. \u201312.1\u00b0C<\/li>\n<li>Srem: 40 dana mraza, min. \u201313.0\u00b0C<\/li>\n<\/ul>\n<p>Zaklju\u010dak posle zime: ozimi usevi su prezimili u dobrom stanju, sa dobrom rezervom vode u profilu zemlji\u0161ta. Dobar start.<\/p>\n<h2><strong>Ali prole\u0107e menja tok<\/strong><\/h2>\n<p>Tu pri\u010da prestaje da bude ru\u017ei\u010dasta. Pogledajte vodni bilans za mart i april 2026:<\/p>\n<div id=\"attachment_816\" style=\"width: 1034px\" class=\"wp-caption alignnone\"><img loading=\"lazy\" decoding=\"async\" aria-describedby=\"caption-attachment-816\" class=\"wp-image-816 size-medium\" src=\"https:\/\/www.elicit-plant.com\/app\/uploads\/sites\/13\/2026\/04\/Slika-2.-Mesecni-vodni-bilans-padavine-minus-evapotranspiracija-1024x683.jpg\" alt=\"Slika 2. Mese\u010dni vodni bilans (padavine minus evapotranspiracija)\" width=\"1024\" height=\"683\" srcset=\"https:\/\/www.elicit-plant.com\/app\/uploads\/sites\/13\/2026\/04\/Slika-2.-Mesecni-vodni-bilans-padavine-minus-evapotranspiracija-1024x683.jpg 1024w, https:\/\/www.elicit-plant.com\/app\/uploads\/sites\/13\/2026\/04\/Slika-2.-Mesecni-vodni-bilans-padavine-minus-evapotranspiracija-1400x933.jpg 1400w, https:\/\/www.elicit-plant.com\/app\/uploads\/sites\/13\/2026\/04\/Slika-2.-Mesecni-vodni-bilans-padavine-minus-evapotranspiracija-768x512.jpg 768w, https:\/\/www.elicit-plant.com\/app\/uploads\/sites\/13\/2026\/04\/Slika-2.-Mesecni-vodni-bilans-padavine-minus-evapotranspiracija-320x213.jpg 320w, https:\/\/www.elicit-plant.com\/app\/uploads\/sites\/13\/2026\/04\/Slika-2.-Mesecni-vodni-bilans-padavine-minus-evapotranspiracija.jpg 1440w\" sizes=\"auto, (max-width: 1024px) 100vw, 1024px\" \/><\/p>\n<p id=\"caption-attachment-816\" class=\"wp-caption-text\">Slika 2. Mese\u010dni vodni bilans (padavine minus evapotranspiracija)<\/p>\n<\/div>\n<p>Sve \u010detiri lokacije, bez izuzetka, u\u0161le su u deficit u martu. Banat je bio naro\u010dito pogo\u0111en \u2013 sa samo 21 mm padavina uz evapotranspiraciju od 73 mm, bilans u martu iznosi \u201352 mm. Prva polovina aprila je jo\u0161 gora \u2013 u Banatu je palo svega 1.6 mm za 16 dana.<\/p>\n<p>Drugim re\u010dima: od kraja marta do sredine aprila, zemlji\u0161te u Vojvodini aktivno gubi vodu, i to ba\u0161 u trenutku kada je p\u0161enica u\u0161la u fazu vlatanja \u2013 period kada biljka najvi\u0161e tra\u017ei i kada se najvi\u0161e oblikuje budu\u0107i prinos.<\/p>\n<div id=\"attachment_828\" style=\"width: 1034px\" class=\"wp-caption alignnone\"><img loading=\"lazy\" decoding=\"async\" aria-describedby=\"caption-attachment-828\" class=\"size-medium wp-image-828\" src=\"https:\/\/www.elicit-plant.com\/app\/uploads\/sites\/13\/2026\/04\/Slika-3.-Kumulativni-vodni-bilans-kroz-sezonu-\u2013-jasno-se-vidi-nagli-pad-od-marta-1024x683.jpg\" alt=\"\" width=\"1024\" height=\"683\" srcset=\"https:\/\/www.elicit-plant.com\/app\/uploads\/sites\/13\/2026\/04\/Slika-3.-Kumulativni-vodni-bilans-kroz-sezonu-\u2013-jasno-se-vidi-nagli-pad-od-marta-1024x683.jpg 1024w, https:\/\/www.elicit-plant.com\/app\/uploads\/sites\/13\/2026\/04\/Slika-3.-Kumulativni-vodni-bilans-kroz-sezonu-\u2013-jasno-se-vidi-nagli-pad-od-marta-1400x933.jpg 1400w, https:\/\/www.elicit-plant.com\/app\/uploads\/sites\/13\/2026\/04\/Slika-3.-Kumulativni-vodni-bilans-kroz-sezonu-\u2013-jasno-se-vidi-nagli-pad-od-marta-768x512.jpg 768w, https:\/\/www.elicit-plant.com\/app\/uploads\/sites\/13\/2026\/04\/Slika-3.-Kumulativni-vodni-bilans-kroz-sezonu-\u2013-jasno-se-vidi-nagli-pad-od-marta-320x213.jpg 320w, https:\/\/www.elicit-plant.com\/app\/uploads\/sites\/13\/2026\/04\/Slika-3.-Kumulativni-vodni-bilans-kroz-sezonu-\u2013-jasno-se-vidi-nagli-pad-od-marta.jpg 1440w\" sizes=\"auto, (max-width: 1024px) 100vw, 1024px\" \/><\/p>\n<p id=\"caption-attachment-828\" class=\"wp-caption-text\">Slika 3. Kumulativni vodni bilans kroz sezonu \u2013 jasno se vidi nagli pad od marta<\/p>\n<\/div>\n<p>Grafikon kumulativnog bilansa jo\u0161 jasnije pokazuje situaciju. Sva \u010detiri regiona su kroz januar i februar akumulirala pozitivan bilans, dosti\u017eu\u0107i vrhunac krajem februara. Od tada \u2013 kontinuirani pad. Banat, obele\u017een crvenom linijom, je najdramati\u010dniji: sada je ve\u0107 skoro na nuli kumulativnog bilansa, \u0161to zna\u010di da je sva zimska rezerva potro\u0161ena.<\/p>\n<h2><strong>Tri regiona, tri razli\u010dite situacije<\/strong><\/h2>\n<p>Iako svi delimo isti klimatski obrazac, razlike izme\u0111u regiona su zna\u010dajne i treba ih imati u vidu:<\/p>\n<div id=\"attachment_821\" style=\"width: 1034px\" class=\"wp-caption alignnone\"><img loading=\"lazy\" decoding=\"async\" aria-describedby=\"caption-attachment-821\" class=\"size-medium wp-image-821\" src=\"https:\/\/www.elicit-plant.com\/app\/uploads\/sites\/13\/2026\/04\/Slika-4.-Ukupne-padavine-i-deficit-u-kriticnom-periodu-\u2013-Banat-je-u-najvecem-riziku-1024x683.jpg\" alt=\"\" width=\"1024\" height=\"683\" srcset=\"https:\/\/www.elicit-plant.com\/app\/uploads\/sites\/13\/2026\/04\/Slika-4.-Ukupne-padavine-i-deficit-u-kriticnom-periodu-\u2013-Banat-je-u-najvecem-riziku-1024x683.jpg 1024w, https:\/\/www.elicit-plant.com\/app\/uploads\/sites\/13\/2026\/04\/Slika-4.-Ukupne-padavine-i-deficit-u-kriticnom-periodu-\u2013-Banat-je-u-najvecem-riziku-1400x933.jpg 1400w, https:\/\/www.elicit-plant.com\/app\/uploads\/sites\/13\/2026\/04\/Slika-4.-Ukupne-padavine-i-deficit-u-kriticnom-periodu-\u2013-Banat-je-u-najvecem-riziku-768x512.jpg 768w, https:\/\/www.elicit-plant.com\/app\/uploads\/sites\/13\/2026\/04\/Slika-4.-Ukupne-padavine-i-deficit-u-kriticnom-periodu-\u2013-Banat-je-u-najvecem-riziku-320x213.jpg 320w, https:\/\/www.elicit-plant.com\/app\/uploads\/sites\/13\/2026\/04\/Slika-4.-Ukupne-padavine-i-deficit-u-kriticnom-periodu-\u2013-Banat-je-u-najvecem-riziku.jpg 1440w\" sizes=\"auto, (max-width: 1024px) 100vw, 1024px\" \/><\/p>\n<p id=\"caption-attachment-821\" class=\"wp-caption-text\">Slika 4. Ukupne padavine i deficit u kriti\u010dnom periodu \u2013 Banat je u najve\u0107em riziku<\/p>\n<\/div>\n<p><strong>Banat<\/strong><\/p>\n<p>Najte\u017ea situacija. Samo 266 mm ukupnih padavina \u2013 85 mm manje nego u Novom Sadu. Deficit u martu i prvoj polovini aprila dosti\u017ee \u2013101 mm. Poljoprivrednici u Banatu imaju najmanji manevarski prostor i trebalo bi najranije da razmisle o merama za o\u010duvanje vlage i podr\u0161ci biljci.<\/p>\n<p><strong>Ba\u010dka i Novi Sad<\/strong><\/p>\n<p>Umereno povoljna situacija. Ukupne padavine su na nivou od 313\u2013351 mm, zimske rezerve su bile dobre, ali deficit u martu i aprilu od 54\u201368 mm je svakako zabrinjavaju\u0107i. Pra\u0107enje padavina u narednim nedeljama bi\u0107e klju\u010dno.<\/p>\n<p><strong>Srem<\/strong><\/p>\n<p>Najbolje stanje \u0161to se ti\u010de vode \u2013 318 mm ukupno i najmanji deficit u kriti\u010dnom periodu (\u201355 mm). Ali najve\u0107a izlo\u017eenost hladno\u0107i \u2013 apsolutni minimum od \u201313\u00b0C i 40 dana mraza. P\u0161enica je verovatno dobro, ali osetljivije kulture (uljana repica, ozimi je\u010dam) su mogle pretrpeti lokalne \u0161tete.<\/p>\n<h2><strong>\u0160ta ovo zna\u010di za va\u0161e polje<\/strong><\/h2>\n<p>Ulazimo u period kada se kruni\u0161u rezultati zime, ali i kada se otvaraju najozbiljniji rizici sezone. Tri stvari su posebno va\u017ene:<\/p>\n<ol>\n<li><strong> Rezerva vlage u zemlji\u0161tu se brzo tro\u0161i. <\/strong>Ako se trend suvog vremena nastavi kroz kraj aprila i maj, p\u0161enica \u0107e morati sve vi\u0161e da oslanja na duboke slojeve zemlji\u0161ta. Polja sa plitkim profilom i laganim zemlji\u0161tem su pod najve\u0107im pritiskom.<\/li>\n<li><strong> Kriti\u010dan period se poklapa sa suvim vremenom. <\/strong>Vlatanje, klasanje i po\u010detak punjenja zrna \u2013 sve to se de\u0161ava upravo sada ili u narednih 4\u20136 nedelja. Ovo su faze kada vodni stres najvi\u0161e uti\u010de na prinos.<\/li>\n<li><strong> Dugoro\u010dne prognoze sugeri\u0161u toplije prole\u0107e. <\/strong>Ako se to poklopi sa postoje\u0107im deficitom vlage, imamo scenario u kojem biljke ulaze u kombinaciju vodnog i toplotnog stresa u trenutku punjenja zrna.<\/li>\n<\/ol>\n<h2><strong>Priprema je va\u017enija od reakcije<\/strong><\/h2>\n<p>Iskustvo iz prethodnih sezona potvr\u0111uje jednu istinu koju agronomi dobro znaju: kada biljka po\u010dne da pokazuje vidljive simptome stresa \u2013 uvijanje lista, ubrzano sazrevanje, zastoj u rastu \u2013 fiziolo\u0161ka \u0161teta je ve\u0107 napravljena. Ono \u0161to vidimo iznad zemlje je posledica onoga \u0161to se nedeljama de\u0161avalo unutar biljke.<\/p>\n<p>Zato pristup koji preporu\u010dujemo klijentima nije \u201esa\u010dekajmo da vidimo&#8220;, ve\u0107 \u201epripremimo biljku dok je jo\u0161 vreme&#8220;.<\/p>\n<p><strong>Kako EliGrain poma\u017ee biljci da se pripremi<\/strong><\/p>\n<p>EliGrain je biostimulans baziran na fitosterolima \u2013 prirodnim jedinjenjima koja biljka sama proizvodi, ali u stresnim uslovima \u010desto ne dovoljno brzo. Kada se primeni preventivno, pre nastupa stresa, EliGrain poma\u017ee biljci da:<\/p>\n<ul>\n<li>Efikasnije reguli\u0161e otvaranje i zatvaranje stoma, \u010dime se smanjuje gubitak vode u toplim danima<\/li>\n<li>Bolje koristi raspolo\u017eivu vodu iz zemlji\u0161ta kroz aktivaciju akvaporina u korenu<\/li>\n<li>Du\u017ee odr\u017ei fotosintezu u uslovima visokih temperatura i ograni\u010dene vlage<\/li>\n<li>Sa\u010duva potencijal prinosa u kriti\u010dnim fazama \u2013 vlatanju, klasanju i punjenju zrna<\/li>\n<\/ul>\n<p>Jedna stvar koju uvek nagla\u0161avamo klijentima: EliGrain nije \u201e\u010darobni \u0161tapi\u0107&#8220; za su\u0161u. Ako uop\u0161te nema vode, nijedan biostimulans ne mo\u017ee napraviti \u010dudo. Ali u uslovima umerenog vodnog stresa \u2013 a to je upravo scenario koji podaci za 2026. pokazuju \u2013 razlika izme\u0111u tretiranih i netretiranih polja mo\u017ee biti zna\u010dajna, i \u010desto presudna za ekonomiku sezone.<\/p>\n<h2><strong>Preporuka za sezonu 2026<\/strong><\/h2>\n<p>Na osnovu analize meteo podataka i o\u010dekivanog razvoja situacije, na\u0161a preporuka za ovu sezonu ozimih \u017eitarica jeste:<\/p>\n<ul>\n<li>Pratiti prognozu padavina na nedeljnoj bazi tokom aprila i maja<\/li>\n<li>Proceniti stanje korena i dostupne vlage u dubljim slojevima zemlji\u0161ta<\/li>\n<li>Planirati primenu EliGrain-a pre perioda najve\u0107e osetljivosti \u2013 idealno u fazi vlatanja<\/li>\n<li>Za Banat i suvlje delove Ba\u010dke, razmotriti raniju primenu<\/li>\n<li>Kombinovati sa standardnim programom prihrane i za\u0161tite useva<\/li>\n<\/ul>\n<h2><strong>Zaklju\u010dak<\/strong><\/h2>\n<p>Sezona 2026. krenula je u dobrim uslovima zahvaljuju\u0107i dare\u017eljivoj zimi. Ali dobar start nije garancija dobrog finala. Podaci jasno pokazuju da se uslovi menjaju \u2013 mart i april su suvi u celoj Vojvodini, sa posebno zabrinjavaju\u0107om situacijom u Banatu.<\/p>\n<p>Poljoprivrednici koji ovu sliku prepoznaju na vreme i pripreme useve pre nastupa stresa, imaju realne izglede da iskoriste potencijal koji je zima ostavila. Oni koji \u010dekaju da vide znakove stresa na njivi, naj\u010de\u0161\u0107e to vide tek kad je prekasno.<\/p>\n<p><strong>Tim Wellton-a I Certis-Belchim-a je tu da podr\u017ei va\u0161u odluku \u2013 kroz terenske posete, tehni\u010dke konsultacije i prakti\u010dne preporuke prilago\u0111ene va\u0161em regionu i tipu zemlji\u0161ta.<\/strong><\/p>\n<p><em>Metodolo\u0161ka napomena: Analiza je ra\u0111ena na osnovu dnevnih meteo podataka iz Open-Meteo baze za \u010detiri reprezentativne lokacije u Vojvodini (Ba\u010dka: 45.61\u00b0N 19.52\u00b0E; Novi Sad: 45.25\u00b0N 19.83\u00b0E; Banat: 45.76\u00b0N 20.58\u00b0E; Srem: 45.05\u00b0N 19.68\u00b0E). Evapotranspiracija ra\u010dunata po FAO metodi. Period analize: 1. oktobar 2025. \u2013 16. april 2026.<\/em><\/p>\n\n            <div style=\"clear: both;\"><\/div>\n        <\/div>\n    <\/div>\n<\/section>\n\n\n<section class=\"cbo-productpush\">\n\t<div class=\"productpush-inner cbo-container container--padding\">\n\n\t\t\t\t<h2 class=\"productpush-title\">\n\t\t\tOtkrijte na\u0161a re\u0161enja protiv vodnog stresa.\t\t<\/h2>\n\t\t\n\t\t<div class=\"productpush-list\">\n\t\t\t\t\t\t<div class=\"list-el\">\n\t\t\t\t<a href=\"https:\/\/www.elicit-plant.com\/rs\/proizvodi\/elizea-kukuruz-u-zrnu\/\" class=\"cbo-product product--orange\">\n\t<span class=\"product-picture\">\n\t\t<span class=\"picture-background cbo-picture-cover\">\n\t\t\t<img decoding=\"async\" src=\"https:\/\/www.elicit-plant.com\/app\/uploads\/sites\/13\/2025\/04\/Icon-Best-a-317x320.png\" srcset=\"https:\/\/www.elicit-plant.com\/app\/uploads\/sites\/13\/2025\/04\/Icon-Best-a.png 768w, https:\/\/www.elicit-plant.com\/app\/uploads\/sites\/13\/2025\/04\/Icon-Best-a.png 1024w\" class=\"\" alt=\"Icon EliZea\" width=\"317\" height=\"320\" sizes=\"auto, 100vw\" loading=\"lazy\" \/>\t\t<\/span>\n\t\t<span class=\"picture-thumbnail cbo-picture-contain\">\n\t\t\t<img decoding=\"async\" src=\"https:\/\/www.elicit-plant.com\/app\/uploads\/sites\/13\/2025\/04\/EliZea-biais-SR-570x768.png\"  sizes=\"100vw\" class=\"\" alt=\"EliZea kukuruz u zrnu\"  loading=\"lazy\" \/>\t\t<\/span>\n\t<\/span>\n\t<h3 class=\"product-title cbo-title-4\">\n\t\tEliZea : kukuruz u zrnu\t<\/h3>\n<\/a>\t\t\t<\/div>\n\t\t\t\t\t\t<div class=\"list-el\">\n\t\t\t\t<a href=\"https:\/\/www.elicit-plant.com\/rs\/proizvodi\/elizea-kukuruz-za-silazu\/\" class=\"cbo-product product--orange\">\n\t<span class=\"product-picture\">\n\t\t<span class=\"picture-background cbo-picture-cover\">\n\t\t\t<img decoding=\"async\" src=\"https:\/\/www.elicit-plant.com\/app\/uploads\/sites\/13\/2025\/04\/Icon-Best-a-317x320.png\" srcset=\"https:\/\/www.elicit-plant.com\/app\/uploads\/sites\/13\/2025\/04\/Icon-Best-a.png 768w, https:\/\/www.elicit-plant.com\/app\/uploads\/sites\/13\/2025\/04\/Icon-Best-a.png 1024w\" class=\"\" alt=\"Icon EliZea\" width=\"317\" height=\"320\" sizes=\"auto, 100vw\" loading=\"lazy\" \/>\t\t<\/span>\n\t\t<span class=\"picture-thumbnail cbo-picture-contain\">\n\t\t\t<img decoding=\"async\" src=\"https:\/\/www.elicit-plant.com\/app\/uploads\/sites\/13\/2025\/04\/EliZea-biais-SR-570x768.png\"  sizes=\"100vw\" class=\"\" alt=\"EliZea kukuruz u zrnu\"  loading=\"lazy\" \/>\t\t<\/span>\n\t<\/span>\n\t<h3 class=\"product-title cbo-title-4\">\n\t\tEliZea : kukuruz za sila\u017eu\t<\/h3>\n<\/a>\t\t\t<\/div>\n\t\t\t\t\t\t<div class=\"list-el\">\n\t\t\t\t<a href=\"https:\/\/www.elicit-plant.com\/rs\/proizvodi\/eligrain-a-jari-jecam\/\" class=\"cbo-product product--yellow\">\n\t<span class=\"product-picture\">\n\t\t<span class=\"picture-background cbo-picture-cover\">\n\t\t\t<img decoding=\"async\" src=\"https:\/\/www.elicit-plant.com\/app\/uploads\/sites\/13\/2026\/03\/EliGrain-a-315x320.png\" srcset=\"https:\/\/www.elicit-plant.com\/app\/uploads\/sites\/13\/2026\/03\/EliGrain-a.png 768w, https:\/\/www.elicit-plant.com\/app\/uploads\/sites\/13\/2026\/03\/EliGrain-a.png 1024w\" class=\"\" alt=\"EliGrain-a\" width=\"315\" height=\"320\" sizes=\"auto, 100vw\" loading=\"lazy\" \/>\t\t<\/span>\n\t\t<span class=\"picture-thumbnail cbo-picture-contain\">\n\t\t\t<img decoding=\"async\" src=\"https:\/\/www.elicit-plant.com\/app\/uploads\/sites\/13\/2026\/03\/EliGrain-biais-RS-570x768.png\"  sizes=\"100vw\" class=\"\" alt=\"EliGrain biais RS\"  loading=\"lazy\" \/>\t\t<\/span>\n\t<\/span>\n\t<h3 class=\"product-title cbo-title-4\">\n\t\tEliGrain-a: jari je\u010dam\t<\/h3>\n<\/a>\t\t\t<\/div>\n\t\t\t\t\t\t<div class=\"list-el\">\n\t\t\t\t<a href=\"https:\/\/www.elicit-plant.com\/rs\/proizvodi\/eligrain-a-psenica\/\" class=\"cbo-product product--yellow\">\n\t<span class=\"product-picture\">\n\t\t<span class=\"picture-background cbo-picture-cover\">\n\t\t\t<img decoding=\"async\" src=\"https:\/\/www.elicit-plant.com\/app\/uploads\/sites\/13\/2026\/03\/EliGrain-a-1-315x320.png\" srcset=\"https:\/\/www.elicit-plant.com\/app\/uploads\/sites\/13\/2026\/03\/EliGrain-a-1.png 768w, https:\/\/www.elicit-plant.com\/app\/uploads\/sites\/13\/2026\/03\/EliGrain-a-1.png 1024w\" class=\"\" alt=\"EliGrain-a Barley\" width=\"315\" height=\"320\" sizes=\"auto, 100vw\" loading=\"lazy\" \/>\t\t<\/span>\n\t\t<span class=\"picture-thumbnail cbo-picture-contain\">\n\t\t\t<img decoding=\"async\" src=\"https:\/\/www.elicit-plant.com\/app\/uploads\/sites\/13\/2026\/03\/EliGrain-biais-RS-570x768.png\"  sizes=\"100vw\" class=\"\" alt=\"EliGrain biais RS\"  loading=\"lazy\" \/>\t\t<\/span>\n\t<\/span>\n\t<h3 class=\"product-title cbo-title-4\">\n\t\tEliGrain-a: p\u0161enica\t<\/h3>\n<\/a>\t\t\t<\/div>\n\t\t\t\t\t\t<div class=\"list-el\">\n\t\t\t\t<a href=\"https:\/\/www.elicit-plant.com\/rs\/proizvodi\/elisun-a-suncokret\/\" class=\"cbo-product product--brown\">\n\t<span class=\"product-picture\">\n\t\t<span class=\"picture-background cbo-picture-cover\">\n\t\t\t<img decoding=\"async\" src=\"https:\/\/www.elicit-plant.com\/app\/uploads\/sites\/13\/2026\/03\/img-produit-background-pattern_tournesol@2x-316x320.png\" srcset=\"https:\/\/www.elicit-plant.com\/app\/uploads\/sites\/13\/2026\/03\/img-produit-background-pattern_tournesol@2x.png 768w, https:\/\/www.elicit-plant.com\/app\/uploads\/sites\/13\/2026\/03\/img-produit-background-pattern_tournesol@2x.png 1024w\" class=\"\" alt=\"EliSun-a icon\" width=\"316\" height=\"320\" sizes=\"auto, 100vw\" loading=\"lazy\" \/>\t\t<\/span>\n\t\t<span class=\"picture-thumbnail cbo-picture-contain\">\n\t\t\t<img decoding=\"async\" src=\"https:\/\/www.elicit-plant.com\/app\/uploads\/sites\/13\/2026\/03\/EliSun-biais-RS-570x768.png\"  sizes=\"100vw\" class=\"\" alt=\"EliSun-a\"  loading=\"lazy\" \/>\t\t<\/span>\n\t<\/span>\n\t<h3 class=\"product-title cbo-title-4\">\n\t\tEliSun-a: suncokret\t<\/h3>\n<\/a>\t\t\t<\/div>\n\t\t\t\t\t\t<div class=\"list-el\">\n\t\t\t\t<a href=\"https:\/\/www.elicit-plant.com\/rs\/proizvodi\/elizon-soja\/\" class=\"cbo-product product--green\">\n\t<span class=\"product-picture\">\n\t\t<span class=\"picture-background cbo-picture-cover\">\n\t\t\t<img decoding=\"async\" src=\"https:\/\/www.elicit-plant.com\/app\/uploads\/sites\/13\/2026\/03\/Soia-icon-316x320.png\" srcset=\"https:\/\/www.elicit-plant.com\/app\/uploads\/sites\/13\/2026\/03\/Soia-icon.png 768w, https:\/\/www.elicit-plant.com\/app\/uploads\/sites\/13\/2026\/03\/Soia-icon.png 1024w\" class=\"\" alt=\"Soja icon\" width=\"316\" height=\"320\" sizes=\"auto, 100vw\" loading=\"lazy\" \/>\t\t<\/span>\n\t\t<span class=\"picture-thumbnail cbo-picture-contain\">\n\t\t\t<img decoding=\"async\" src=\"https:\/\/www.elicit-plant.com\/app\/uploads\/sites\/13\/2026\/03\/EliZon-biais-RS-570x768.png\"  sizes=\"100vw\" class=\"\" alt=\"EliZon\"  loading=\"lazy\" \/>\t\t<\/span>\n\t<\/span>\n\t<h3 class=\"product-title cbo-title-4\">\n\t\tEliZon: soja\t<\/h3>\n<\/a>\t\t\t<\/div>\n\t\t\t\t\t<\/div>\n\n\t<\/div>\n<\/section>\n\n<section class=\"cbo-featuredlinks featuredlinks--colorwhite\">\n\t<div class=\"featuredlinks-inner cbo-container \">\n\n\t\t\t\t\t<h2 class=\"cbo-title-2 featuredlinks-title\">\n\t\t\t\tNa\u0161i povezani \u010dlanci o stresu izazvanom su\u0161om.\t\t\t<\/h2>\n\t\t\n\t\t<div class=\"featuredlinks-list\" data-anim-group data-group-delay=\"100\">\n\t\t\t\n\t\t\t<div class=\"list-el\">\n\t\t\t\t<a class=\"el-inner\" href=\"https:\/\/www.elicit-plant.com\/rs\/vodni-stres\/zahvaljujuci-fitosterolima-prosecna-usteda-vode-od-20-na-svim-usevima\/\">\n\n\t\t\t\t\t<figure class=\"inner-picture cbo-picture-cover\">\n\t\t\t\t\t\t<img decoding=\"async\" src=\"https:\/\/www.elicit-plant.com\/app\/uploads\/sites\/13\/2025\/04\/Grace-aux-phytosterols-economies-deau-en-moyenne-quelle-que-soit-la-culture-768x512.jpg\" srcset=\"https:\/\/www.elicit-plant.com\/app\/uploads\/sites\/13\/2025\/04\/Grace-aux-phytosterols-economies-deau-en-moyenne-quelle-que-soit-la-culture-320x213.jpg 320w, https:\/\/www.elicit-plant.com\/app\/uploads\/sites\/13\/2025\/04\/Grace-aux-phytosterols-economies-deau-en-moyenne-quelle-que-soit-la-culture-768x512.jpg 840w, https:\/\/www.elicit-plant.com\/app\/uploads\/sites\/13\/2025\/04\/Grace-aux-phytosterols-economies-deau-en-moyenne-quelle-que-soit-la-culture-768x512.jpg 1024w, https:\/\/www.elicit-plant.com\/app\/uploads\/sites\/13\/2025\/04\/Grace-aux-phytosterols-economies-deau-en-moyenne-quelle-que-soit-la-culture-768x512.jpg 1400w\" class=\"\" alt=\"\" width=\"768\" height=\"512\" sizes=\"auto, 100vw\" loading=\"lazy\" \/>\t\t\t\t\t<\/figure>\n\n\t\t\t\t\t<h3 class=\"inner-title cbo-title-3\">\n\t\t\t\t\t\tZahvaljuju\u0107i fitosterolima: prose\u010dna u\u0161teda vode od 20% na svim usevima\t\t\t\t\t<\/h3>\n\n\t\t\t\t\t<span class=\"inner-button cbo-buttonmore\">\n\t\t\t\t\t\t<i class=\"icon icon-cross\"><\/i>\n\t\t\t\t\t<\/span>\n\t\t\t\t<\/a>\n\t\t\t<\/div>\n\n\t\t\t\n\t\t\t<div class=\"list-el\">\n\t\t\t\t<a class=\"el-inner\" href=\"https:\/\/www.elicit-plant.com\/rs\/vodni-stres\/koje-su-razlike-izmedju-suse-i-stresa-izazvanog-vodom-za-useve\/\">\n\n\t\t\t\t\t<figure class=\"inner-picture cbo-picture-cover\">\n\t\t\t\t\t\t<img decoding=\"async\" src=\"https:\/\/www.elicit-plant.com\/app\/uploads\/sites\/13\/2025\/04\/SH-vs-secheresse-768x436.jpg\" srcset=\"https:\/\/www.elicit-plant.com\/app\/uploads\/sites\/13\/2025\/04\/SH-vs-secheresse-320x182.jpg 320w, https:\/\/www.elicit-plant.com\/app\/uploads\/sites\/13\/2025\/04\/SH-vs-secheresse-768x436.jpg 840w, https:\/\/www.elicit-plant.com\/app\/uploads\/sites\/13\/2025\/04\/SH-vs-secheresse-768x436.jpg 1024w, https:\/\/www.elicit-plant.com\/app\/uploads\/sites\/13\/2025\/04\/SH-vs-secheresse-768x436.jpg 1400w\" class=\"\" alt=\"Su\u0161a vs Stres izazvan nedostatkom vode\" width=\"768\" height=\"436\" sizes=\"auto, 100vw\" loading=\"lazy\" \/>\t\t\t\t\t<\/figure>\n\n\t\t\t\t\t<h3 class=\"inner-title cbo-title-3\">\n\t\t\t\t\t\tKoje su razlike izme\u0111u su\u0161e i stresa izazvanog vodom za useve?\t\t\t\t\t<\/h3>\n\n\t\t\t\t\t<span class=\"inner-button cbo-buttonmore\">\n\t\t\t\t\t\t<i class=\"icon icon-cross\"><\/i>\n\t\t\t\t\t<\/span>\n\t\t\t\t<\/a>\n\t\t\t<\/div>\n\n\t\t\t\t\t<\/div>\n\n\t<\/div>\n<\/section>\n","protected":false},"excerpt":{"rendered":"<p>Analiza meteo podataka za \u010detiri regiona Vojvodine pokazuje zajedni\u010dku pri\u010du \u2013 i razliku koja mo\u017ee odlu\u010diti sezonu.<\/p>\n","protected":false},"author":17,"featured_media":787,"comment_status":"open","ping_status":"open","sticky":false,"template":"","format":"standard","meta":{"_acf_changed":false,"footnotes":""},"categories":[4],"class_list":["post-784","post","type-post","status-publish","format-standard","has-post-thumbnail","hentry","category-klimatske-promene"],"acf":[],"yoast_head":"<!-- This site is optimized with the Yoast SEO plugin v27.3 - https:\/\/yoast.com\/product\/yoast-seo-wordpress\/ -->\n<title>Vojvodina 2026: zima je dala, prole\u0107e uzima - Elicit Plant Srbija<\/title>\n<meta name=\"description\" content=\"Skoro 40% poljoprivrednog zemlji\u0161ta u svetu trpi vodni stres. Suo\u010dena s ovim izazovom, kompanija Elicit Plant razvija re\u0161enja na bazi fitosterola koja oja\u010davaju prirodni kapacitet biljaka da bolje upravljaju potro\u0161njom vode i odr\u017ee kapacitet prinosa.\" \/>\n<meta name=\"robots\" content=\"index, follow, max-snippet:-1, max-image-preview:large, max-video-preview:-1\" \/>\n<link rel=\"canonical\" href=\"https:\/\/www.elicit-plant.com\/rs\/klimatske-promene\/vojvodina-2026-zima-je-dala-prolece-uzima\/\" \/>\n<meta property=\"og:locale\" content=\"sr_RS\" \/>\n<meta property=\"og:type\" content=\"article\" \/>\n<meta property=\"og:title\" content=\"Vojvodina 2026: zima je dala, prole\u0107e uzima - Elicit Plant Srbija\" \/>\n<meta property=\"og:description\" content=\"Skoro 40% poljoprivrednog zemlji\u0161ta u svetu trpi vodni stres. Suo\u010dena s ovim izazovom, kompanija Elicit Plant razvija re\u0161enja na bazi fitosterola koja oja\u010davaju prirodni kapacitet biljaka da bolje upravljaju potro\u0161njom vode i odr\u017ee kapacitet prinosa.\" \/>\n<meta property=\"og:url\" content=\"https:\/\/www.elicit-plant.com\/rs\/klimatske-promene\/vojvodina-2026-zima-je-dala-prolece-uzima\/\" \/>\n<meta property=\"og:site_name\" content=\"Elicit Plant Srbija\" \/>\n<meta property=\"article:published_time\" content=\"2026-04-20T07:29:16+00:00\" \/>\n<meta property=\"article:modified_time\" content=\"2026-04-20T10:24:09+00:00\" \/>\n<meta property=\"og:image\" content=\"https:\/\/www.elicit-plant.com\/app\/uploads\/sites\/13\/2026\/04\/Untitled-design-10.jpg\" \/>\n\t<meta property=\"og:image:width\" content=\"1440\" \/>\n\t<meta property=\"og:image:height\" content=\"960\" \/>\n\t<meta property=\"og:image:type\" content=\"image\/jpeg\" \/>\n<meta name=\"author\" content=\"xmarketix\" \/>\n<meta name=\"twitter:card\" content=\"summary_large_image\" \/>\n<meta name=\"twitter:label1\" content=\"\u041d\u0430\u043f\u0438\u0441\u0430\u043d\u043e \u043e\u0434\" \/>\n\t<meta name=\"twitter:data1\" content=\"xmarketix\" \/>\n\t<meta name=\"twitter:label2\" content=\"\u041f\u0440\u043e\u0446\u0435\u045a\u0435\u043d\u043e \u0432\u0440\u0435\u043c\u0435 \u0447\u0438\u0442\u0430\u045a\u0430\" \/>\n\t<meta name=\"twitter:data2\" content=\"1 \u043c\u0438\u043d\u0443\u0442\" \/>\n<script type=\"application\/ld+json\" class=\"yoast-schema-graph\">{\"@context\":\"https:\\\/\\\/schema.org\",\"@graph\":[{\"@type\":\"Article\",\"@id\":\"https:\\\/\\\/www.elicit-plant.com\\\/rs\\\/klimatske-promene\\\/vojvodina-2026-zima-je-dala-prolece-uzima\\\/#article\",\"isPartOf\":{\"@id\":\"https:\\\/\\\/www.elicit-plant.com\\\/rs\\\/klimatske-promene\\\/vojvodina-2026-zima-je-dala-prolece-uzima\\\/\"},\"author\":{\"name\":\"xmarketix\",\"@id\":\"https:\\\/\\\/www.elicit-plant.com\\\/rs\\\/#\\\/schema\\\/person\\\/4d81e631ab3b2dd27ee66602568c2e90\"},\"headline\":\"Vojvodina 2026: zima je dala, prole\u0107e uzima\",\"datePublished\":\"2026-04-20T07:29:16+00:00\",\"dateModified\":\"2026-04-20T10:24:09+00:00\",\"mainEntityOfPage\":{\"@id\":\"https:\\\/\\\/www.elicit-plant.com\\\/rs\\\/klimatske-promene\\\/vojvodina-2026-zima-je-dala-prolece-uzima\\\/\"},\"wordCount\":7,\"commentCount\":0,\"image\":{\"@id\":\"https:\\\/\\\/www.elicit-plant.com\\\/rs\\\/klimatske-promene\\\/vojvodina-2026-zima-je-dala-prolece-uzima\\\/#primaryimage\"},\"thumbnailUrl\":\"https:\\\/\\\/www.elicit-plant.com\\\/app\\\/uploads\\\/sites\\\/13\\\/2026\\\/04\\\/Untitled-design-10.jpg\",\"articleSection\":[\"Klimatske promene\"],\"inLanguage\":\"sr-RS\",\"potentialAction\":[{\"@type\":\"CommentAction\",\"name\":\"Comment\",\"target\":[\"https:\\\/\\\/www.elicit-plant.com\\\/rs\\\/klimatske-promene\\\/vojvodina-2026-zima-je-dala-prolece-uzima\\\/#respond\"]}]},{\"@type\":\"WebPage\",\"@id\":\"https:\\\/\\\/www.elicit-plant.com\\\/rs\\\/klimatske-promene\\\/vojvodina-2026-zima-je-dala-prolece-uzima\\\/\",\"url\":\"https:\\\/\\\/www.elicit-plant.com\\\/rs\\\/klimatske-promene\\\/vojvodina-2026-zima-je-dala-prolece-uzima\\\/\",\"name\":\"Vojvodina 2026: zima je dala, prole\u0107e uzima - Elicit Plant Srbija\",\"isPartOf\":{\"@id\":\"https:\\\/\\\/www.elicit-plant.com\\\/rs\\\/#website\"},\"primaryImageOfPage\":{\"@id\":\"https:\\\/\\\/www.elicit-plant.com\\\/rs\\\/klimatske-promene\\\/vojvodina-2026-zima-je-dala-prolece-uzima\\\/#primaryimage\"},\"image\":{\"@id\":\"https:\\\/\\\/www.elicit-plant.com\\\/rs\\\/klimatske-promene\\\/vojvodina-2026-zima-je-dala-prolece-uzima\\\/#primaryimage\"},\"thumbnailUrl\":\"https:\\\/\\\/www.elicit-plant.com\\\/app\\\/uploads\\\/sites\\\/13\\\/2026\\\/04\\\/Untitled-design-10.jpg\",\"datePublished\":\"2026-04-20T07:29:16+00:00\",\"dateModified\":\"2026-04-20T10:24:09+00:00\",\"author\":{\"@id\":\"https:\\\/\\\/www.elicit-plant.com\\\/rs\\\/#\\\/schema\\\/person\\\/4d81e631ab3b2dd27ee66602568c2e90\"},\"description\":\"Skoro 40% poljoprivrednog zemlji\u0161ta u svetu trpi vodni stres. Suo\u010dena s ovim izazovom, kompanija Elicit Plant razvija re\u0161enja na bazi fitosterola koja oja\u010davaju prirodni kapacitet biljaka da bolje upravljaju potro\u0161njom vode i odr\u017ee kapacitet prinosa.\",\"breadcrumb\":{\"@id\":\"https:\\\/\\\/www.elicit-plant.com\\\/rs\\\/klimatske-promene\\\/vojvodina-2026-zima-je-dala-prolece-uzima\\\/#breadcrumb\"},\"inLanguage\":\"sr-RS\",\"potentialAction\":[{\"@type\":\"ReadAction\",\"target\":[\"https:\\\/\\\/www.elicit-plant.com\\\/rs\\\/klimatske-promene\\\/vojvodina-2026-zima-je-dala-prolece-uzima\\\/\"]}]},{\"@type\":\"ImageObject\",\"inLanguage\":\"sr-RS\",\"@id\":\"https:\\\/\\\/www.elicit-plant.com\\\/rs\\\/klimatske-promene\\\/vojvodina-2026-zima-je-dala-prolece-uzima\\\/#primaryimage\",\"url\":\"https:\\\/\\\/www.elicit-plant.com\\\/app\\\/uploads\\\/sites\\\/13\\\/2026\\\/04\\\/Untitled-design-10.jpg\",\"contentUrl\":\"https:\\\/\\\/www.elicit-plant.com\\\/app\\\/uploads\\\/sites\\\/13\\\/2026\\\/04\\\/Untitled-design-10.jpg\",\"width\":1440,\"height\":960},{\"@type\":\"BreadcrumbList\",\"@id\":\"https:\\\/\\\/www.elicit-plant.com\\\/rs\\\/klimatske-promene\\\/vojvodina-2026-zima-je-dala-prolece-uzima\\\/#breadcrumb\",\"itemListElement\":[{\"@type\":\"ListItem\",\"position\":1,\"name\":\"Accueil\",\"item\":\"https:\\\/\\\/www.elicit-plant.com\\\/rs\\\/\"},{\"@type\":\"ListItem\",\"position\":2,\"name\":\"Vojvodina 2026: zima je dala, prole\u0107e uzima\"}]},{\"@type\":\"WebSite\",\"@id\":\"https:\\\/\\\/www.elicit-plant.com\\\/rs\\\/#website\",\"url\":\"https:\\\/\\\/www.elicit-plant.com\\\/rs\\\/\",\"name\":\"Elicit Plant Srbija\",\"description\":\"\",\"potentialAction\":[{\"@type\":\"SearchAction\",\"target\":{\"@type\":\"EntryPoint\",\"urlTemplate\":\"https:\\\/\\\/www.elicit-plant.com\\\/rs\\\/?s={search_term_string}\"},\"query-input\":{\"@type\":\"PropertyValueSpecification\",\"valueRequired\":true,\"valueName\":\"search_term_string\"}}],\"inLanguage\":\"sr-RS\"},{\"@type\":\"Person\",\"@id\":\"https:\\\/\\\/www.elicit-plant.com\\\/rs\\\/#\\\/schema\\\/person\\\/4d81e631ab3b2dd27ee66602568c2e90\",\"name\":\"xmarketix\",\"image\":{\"@type\":\"ImageObject\",\"inLanguage\":\"sr-RS\",\"@id\":\"https:\\\/\\\/secure.gravatar.com\\\/avatar\\\/f29707641287c4a0d577368ab20871b6aab58c591f05ec4c12d781993e9544bb?s=96&d=mm&r=g\",\"url\":\"https:\\\/\\\/secure.gravatar.com\\\/avatar\\\/f29707641287c4a0d577368ab20871b6aab58c591f05ec4c12d781993e9544bb?s=96&d=mm&r=g\",\"contentUrl\":\"https:\\\/\\\/secure.gravatar.com\\\/avatar\\\/f29707641287c4a0d577368ab20871b6aab58c591f05ec4c12d781993e9544bb?s=96&d=mm&r=g\",\"caption\":\"xmarketix\"},\"url\":\"https:\\\/\\\/www.elicit-plant.com\\\/rs\\\/author\\\/xmarketix\\\/\"}]}<\/script>\n<!-- \/ Yoast SEO plugin. -->","yoast_head_json":{"title":"Vojvodina 2026: zima je dala, prole\u0107e uzima - Elicit Plant Srbija","description":"Skoro 40% poljoprivrednog zemlji\u0161ta u svetu trpi vodni stres. Suo\u010dena s ovim izazovom, kompanija Elicit Plant razvija re\u0161enja na bazi fitosterola koja oja\u010davaju prirodni kapacitet biljaka da bolje upravljaju potro\u0161njom vode i odr\u017ee kapacitet prinosa.","robots":{"index":"index","follow":"follow","max-snippet":"max-snippet:-1","max-image-preview":"max-image-preview:large","max-video-preview":"max-video-preview:-1"},"canonical":"https:\/\/www.elicit-plant.com\/rs\/klimatske-promene\/vojvodina-2026-zima-je-dala-prolece-uzima\/","og_locale":"sr_RS","og_type":"article","og_title":"Vojvodina 2026: zima je dala, prole\u0107e uzima - Elicit Plant Srbija","og_description":"Skoro 40% poljoprivrednog zemlji\u0161ta u svetu trpi vodni stres. Suo\u010dena s ovim izazovom, kompanija Elicit Plant razvija re\u0161enja na bazi fitosterola koja oja\u010davaju prirodni kapacitet biljaka da bolje upravljaju potro\u0161njom vode i odr\u017ee kapacitet prinosa.","og_url":"https:\/\/www.elicit-plant.com\/rs\/klimatske-promene\/vojvodina-2026-zima-je-dala-prolece-uzima\/","og_site_name":"Elicit Plant Srbija","article_published_time":"2026-04-20T07:29:16+00:00","article_modified_time":"2026-04-20T10:24:09+00:00","og_image":[{"width":1440,"height":960,"url":"https:\/\/www.elicit-plant.com\/app\/uploads\/sites\/13\/2026\/04\/Untitled-design-10.jpg","type":"image\/jpeg"}],"author":"xmarketix","twitter_card":"summary_large_image","twitter_misc":{"\u041d\u0430\u043f\u0438\u0441\u0430\u043d\u043e \u043e\u0434":"xmarketix","\u041f\u0440\u043e\u0446\u0435\u045a\u0435\u043d\u043e \u0432\u0440\u0435\u043c\u0435 \u0447\u0438\u0442\u0430\u045a\u0430":"1 \u043c\u0438\u043d\u0443\u0442"},"schema":{"@context":"https:\/\/schema.org","@graph":[{"@type":"Article","@id":"https:\/\/www.elicit-plant.com\/rs\/klimatske-promene\/vojvodina-2026-zima-je-dala-prolece-uzima\/#article","isPartOf":{"@id":"https:\/\/www.elicit-plant.com\/rs\/klimatske-promene\/vojvodina-2026-zima-je-dala-prolece-uzima\/"},"author":{"name":"xmarketix","@id":"https:\/\/www.elicit-plant.com\/rs\/#\/schema\/person\/4d81e631ab3b2dd27ee66602568c2e90"},"headline":"Vojvodina 2026: zima je dala, prole\u0107e uzima","datePublished":"2026-04-20T07:29:16+00:00","dateModified":"2026-04-20T10:24:09+00:00","mainEntityOfPage":{"@id":"https:\/\/www.elicit-plant.com\/rs\/klimatske-promene\/vojvodina-2026-zima-je-dala-prolece-uzima\/"},"wordCount":7,"commentCount":0,"image":{"@id":"https:\/\/www.elicit-plant.com\/rs\/klimatske-promene\/vojvodina-2026-zima-je-dala-prolece-uzima\/#primaryimage"},"thumbnailUrl":"https:\/\/www.elicit-plant.com\/app\/uploads\/sites\/13\/2026\/04\/Untitled-design-10.jpg","articleSection":["Klimatske promene"],"inLanguage":"sr-RS","potentialAction":[{"@type":"CommentAction","name":"Comment","target":["https:\/\/www.elicit-plant.com\/rs\/klimatske-promene\/vojvodina-2026-zima-je-dala-prolece-uzima\/#respond"]}]},{"@type":"WebPage","@id":"https:\/\/www.elicit-plant.com\/rs\/klimatske-promene\/vojvodina-2026-zima-je-dala-prolece-uzima\/","url":"https:\/\/www.elicit-plant.com\/rs\/klimatske-promene\/vojvodina-2026-zima-je-dala-prolece-uzima\/","name":"Vojvodina 2026: zima je dala, prole\u0107e uzima - Elicit Plant Srbija","isPartOf":{"@id":"https:\/\/www.elicit-plant.com\/rs\/#website"},"primaryImageOfPage":{"@id":"https:\/\/www.elicit-plant.com\/rs\/klimatske-promene\/vojvodina-2026-zima-je-dala-prolece-uzima\/#primaryimage"},"image":{"@id":"https:\/\/www.elicit-plant.com\/rs\/klimatske-promene\/vojvodina-2026-zima-je-dala-prolece-uzima\/#primaryimage"},"thumbnailUrl":"https:\/\/www.elicit-plant.com\/app\/uploads\/sites\/13\/2026\/04\/Untitled-design-10.jpg","datePublished":"2026-04-20T07:29:16+00:00","dateModified":"2026-04-20T10:24:09+00:00","author":{"@id":"https:\/\/www.elicit-plant.com\/rs\/#\/schema\/person\/4d81e631ab3b2dd27ee66602568c2e90"},"description":"Skoro 40% poljoprivrednog zemlji\u0161ta u svetu trpi vodni stres. Suo\u010dena s ovim izazovom, kompanija Elicit Plant razvija re\u0161enja na bazi fitosterola koja oja\u010davaju prirodni kapacitet biljaka da bolje upravljaju potro\u0161njom vode i odr\u017ee kapacitet prinosa.","breadcrumb":{"@id":"https:\/\/www.elicit-plant.com\/rs\/klimatske-promene\/vojvodina-2026-zima-je-dala-prolece-uzima\/#breadcrumb"},"inLanguage":"sr-RS","potentialAction":[{"@type":"ReadAction","target":["https:\/\/www.elicit-plant.com\/rs\/klimatske-promene\/vojvodina-2026-zima-je-dala-prolece-uzima\/"]}]},{"@type":"ImageObject","inLanguage":"sr-RS","@id":"https:\/\/www.elicit-plant.com\/rs\/klimatske-promene\/vojvodina-2026-zima-je-dala-prolece-uzima\/#primaryimage","url":"https:\/\/www.elicit-plant.com\/app\/uploads\/sites\/13\/2026\/04\/Untitled-design-10.jpg","contentUrl":"https:\/\/www.elicit-plant.com\/app\/uploads\/sites\/13\/2026\/04\/Untitled-design-10.jpg","width":1440,"height":960},{"@type":"BreadcrumbList","@id":"https:\/\/www.elicit-plant.com\/rs\/klimatske-promene\/vojvodina-2026-zima-je-dala-prolece-uzima\/#breadcrumb","itemListElement":[{"@type":"ListItem","position":1,"name":"Accueil","item":"https:\/\/www.elicit-plant.com\/rs\/"},{"@type":"ListItem","position":2,"name":"Vojvodina 2026: zima je dala, prole\u0107e uzima"}]},{"@type":"WebSite","@id":"https:\/\/www.elicit-plant.com\/rs\/#website","url":"https:\/\/www.elicit-plant.com\/rs\/","name":"Elicit Plant Srbija","description":"","potentialAction":[{"@type":"SearchAction","target":{"@type":"EntryPoint","urlTemplate":"https:\/\/www.elicit-plant.com\/rs\/?s={search_term_string}"},"query-input":{"@type":"PropertyValueSpecification","valueRequired":true,"valueName":"search_term_string"}}],"inLanguage":"sr-RS"},{"@type":"Person","@id":"https:\/\/www.elicit-plant.com\/rs\/#\/schema\/person\/4d81e631ab3b2dd27ee66602568c2e90","name":"xmarketix","image":{"@type":"ImageObject","inLanguage":"sr-RS","@id":"https:\/\/secure.gravatar.com\/avatar\/f29707641287c4a0d577368ab20871b6aab58c591f05ec4c12d781993e9544bb?s=96&d=mm&r=g","url":"https:\/\/secure.gravatar.com\/avatar\/f29707641287c4a0d577368ab20871b6aab58c591f05ec4c12d781993e9544bb?s=96&d=mm&r=g","contentUrl":"https:\/\/secure.gravatar.com\/avatar\/f29707641287c4a0d577368ab20871b6aab58c591f05ec4c12d781993e9544bb?s=96&d=mm&r=g","caption":"xmarketix"},"url":"https:\/\/www.elicit-plant.com\/rs\/author\/xmarketix\/"}]}},"_links":{"self":[{"href":"https:\/\/www.elicit-plant.com\/rs\/wp-json\/wp\/v2\/posts\/784","targetHints":{"allow":["GET"]}}],"collection":[{"href":"https:\/\/www.elicit-plant.com\/rs\/wp-json\/wp\/v2\/posts"}],"about":[{"href":"https:\/\/www.elicit-plant.com\/rs\/wp-json\/wp\/v2\/types\/post"}],"author":[{"embeddable":true,"href":"https:\/\/www.elicit-plant.com\/rs\/wp-json\/wp\/v2\/users\/17"}],"replies":[{"embeddable":true,"href":"https:\/\/www.elicit-plant.com\/rs\/wp-json\/wp\/v2\/comments?post=784"}],"version-history":[{"count":20,"href":"https:\/\/www.elicit-plant.com\/rs\/wp-json\/wp\/v2\/posts\/784\/revisions"}],"predecessor-version":[{"id":829,"href":"https:\/\/www.elicit-plant.com\/rs\/wp-json\/wp\/v2\/posts\/784\/revisions\/829"}],"wp:featuredmedia":[{"embeddable":true,"href":"https:\/\/www.elicit-plant.com\/rs\/wp-json\/wp\/v2\/media\/787"}],"wp:attachment":[{"href":"https:\/\/www.elicit-plant.com\/rs\/wp-json\/wp\/v2\/media?parent=784"}],"wp:term":[{"taxonomy":"category","embeddable":true,"href":"https:\/\/www.elicit-plant.com\/rs\/wp-json\/wp\/v2\/categories?post=784"}],"curies":[{"name":"wp","href":"https:\/\/api.w.org\/{rel}","templated":true}]}}