{"id":847,"date":"2026-04-24T13:28:23","date_gmt":"2026-04-24T11:28:23","guid":{"rendered":"https:\/\/www.elicit-plant.com\/rs\/?p=847"},"modified":"2026-04-24T13:36:06","modified_gmt":"2026-04-24T11:36:06","slug":"centralna-srbija-2026-izmedju-suse-i-obilja","status":"publish","type":"post","link":"https:\/\/www.elicit-plant.com\/rs\/klimatske-promene\/centralna-srbija-2026-izmedju-suse-i-obilja\/","title":{"rendered":"Centralna Srbija 2026: izme\u0111u su\u0161e i obilja"},"content":{"rendered":"<section class=\"cbo-picture picture--contained\">\n\t<div class=\"picture-inner cbo-container container--small\">\n\t\t<div class=\"picture-element cbo-picture-cover\">\n\t\t\t<img decoding=\"async\" src=\"https:\/\/www.elicit-plant.com\/app\/uploads\/sites\/13\/2026\/04\/Untitled-design-16-1024x683.jpg\" srcset=\"https:\/\/www.elicit-plant.com\/app\/uploads\/sites\/13\/2026\/04\/Untitled-design-16-320x213.jpg 320w, https:\/\/www.elicit-plant.com\/app\/uploads\/sites\/13\/2026\/04\/Untitled-design-16-768x512.jpg 840w, https:\/\/www.elicit-plant.com\/app\/uploads\/sites\/13\/2026\/04\/Untitled-design-16-1024x683.jpg 1024w, https:\/\/www.elicit-plant.com\/app\/uploads\/sites\/13\/2026\/04\/Untitled-design-16-1400x933.jpg 1400w\" class=\"\" alt=\"\" width=\"1024\" height=\"683\" sizes=\"auto, 100vw\" loading=\"lazy\" \/>\t\t<\/div>\n\n\t\t\t<\/div>\n<\/section>\n\n<section class=\"cbo-text cbo-margin-container\">\n    <div class=\"\n        text-inner\n                cbo-container\n        container--small        \"\n    >\n        <div class=\"text-content cbo-cms cms--large\">\n            <p>Kada dva ratara iz iste oblasti \u2013 jedan iz Smederevskog Podunavlja, drugi s obronaka iznad Dunava \u2013 pri\u010daju o sezoni 2026, mo\u017ee se desiti da \u017eive u potpuno razli\u010ditim vremenskim svetovima. To je su\u0161tina onoga \u0161to meteo podaci ove sezone pokazuju za centralnu Srbiju. Dok jedni broje ki\u0161e, drugi broje suhe dane. I ba\u0161 ta raznolikost \u010dini ovu sezonu posebno zahtevnom za agronome i savetnike.<\/p>\n<p>Da bismo dobili jasnu sliku sa \u010dime ta\u010dno ulazimo u klju\u010dni deo vegetacionog perioda, analizirali smo dnevne meteo podatke za pet lokacija u ratarskom pojasu centralne Srbije \u2013 Bogati\u0107 (Ma\u010dva), Smederevo (Podunavlje), Veliko Gradi\u0161te (Brani\u010devo), Jagodina i Para\u0107in (Pomoravlje) \u2013 za period od 1. oktobra 2025. do 18. aprila 2026. Ono \u0161to smo prona\u0161li je iznena\u0111uju\u0107e i zabrinjava.<\/p>\n<h3>Jesen i zima: dve razli\u010dite pri\u010de<\/h3>\n<p>Oktobar 2025. je za ratarski pojas centralne Srbije bio, u op\u0161tem slu\u010daju, daleko povoljniji nego za Vojvodinu. Dok je Vojvodina bele\u017eila suve jesenje mesece sa negativnim bilansima, Jagodina i Para\u0107in su oktobar zavr\u0161ile sa impresivnih 128 mm padavina i pozitivnim bilansom blizu +84 mm. Smederevo je, ipak, stajalo na drugom kraju skale \u2013 oktobar je tu bio neuobi\u010dajeno suv, samo 43,5 mm, sa negativnim bilansom od \u201314 mm.<\/p>\n<p>Veliko Gradi\u0161te je posebna pri\u010da. Sa \u010dak 138 mm padavina u oktobru i enormnim kumulativnim plusom koji je gradilo tokom jeseni i zime, ova lokacija je unela neo\u010dekivano visoke vrednosti u analizu. Razlog le\u017ei u orografskom efektu \u0110erdapske klisure i Karpata \u2013 teren funneluje vla\u017ene vazdu\u0161ne mase prema obalnom pojasu Dunava.<\/p>\n<p>Januar 2026. je svima doneo olak\u0161anje: obilne padavine \u2013 u Smederevu \u010dak 107,5 mm \u2013 napunile su rezerve u dubljim slojevima. Ali februar je ve\u0107 po\u010deo da pravi razliku: Ma\u010dva i Bogati\u0107 su ostali solidni (67,7 mm), dok su Jagodina i Para\u0107in bele\u017eile sve manje padavina. Smederevo je februara imalo samo 31,8 mm.<\/p>\n<h3>Mart i april: preokret koji zabrinjava<\/h3>\n<p>Onda je stigao mart \u2013 i sve se promenilo. U celoj oblasti, bez jednog izuzetka, evapotranspiracija je prestigla padavine. Biljke su po\u010dele da tro\u0161e rezerve koje su zimski meseci gradili.<\/p>\n<p>Smederevo je u martu palo za \u201354,3 mm, a prva polovina aprila donela je jo\u0161 \u201354 mm. Jagodina i Para\u0107in bele\u017eile su sli\u010dan pad: mart \u201339 do \u201336 mm, april \u201343 do \u201346 mm. Jedini svetli izuzetak je Ma\u010dva (Bogati\u0107) \u2013 tamo je mart zavr\u0161en sa plus 20,4 mm zahvaljuju\u0107i obilnim padavinama kasnog marta. Ali i Ma\u010dva je do 18. aprila upala u deficit od \u201339 mm.<\/p>\n<p>Kumulativni grafikon bilansa to najjasnije prikazuje. Jagodina i Para\u0107in su dostigle vrhunac rezervi krajem februara i od tada neprestano opadaju. Smederevo, koje nikad nije izgradilo zna\u010dajnu zimsku rezervu, do 18. aprila je ve\u0107 u negativnom kumulativnom bilansu (\u201332,5 mm). Ma\u010dva i Veliko Gradi\u0161te stoje bolje, ali trend pada je isti.<\/p>\n<h3>Pet lokacija, pet razli\u010ditih situacija<\/h3>\n<p>Ono \u0161to centralnu Srbiju razlikuje od Vojvodine nije samo nivo padavina \u2013 ve\u0107 dramati\u010dna varijabilnost unutar relativno malog podru\u010dja. Pogledajmo kako svaka lokacija stoji danas:<\/p>\n<p>&nbsp;<\/p>\n<p><strong>\u00a0<\/strong><\/p>\n<h2>Smederevo \u2013 najte\u017ea situacija<\/h2>\n<p>Sa samo 262 mm ukupnih padavina za ceo analizirani period, Smederevo je daleko najsuvlja lokacija. Kumulativni bilans je negativan (\u201332,5 mm), deficit u kriti\u010dnom periodu mart\u2013april dosti\u017ee \u2013108 mm. Ovo su vrednosti koje treba uzeti veoma ozbiljno \u2013 ozima p\u0161enica koja ovde vlata ulazi u najkriti\u010dniji period bez prakti\u010dno nikakve zimske rezerve u profilu.<\/p>\n<h2>Jagodina i Para\u0107in \u2013 solidna zima, zabrinjavaju\u0107e prole\u0107e<\/h2>\n<p>Ove dve lokacije su imale daleko bolju jesen i zimu od Smedereva \u2013 ukupno 362\u2013392 mm. Ali mart i april su potro\u0161ili veliku rezervu: deficit od \u201382 mm. Usevi su u\u0161li u fazu vlatanja sa dobrom startnom pozicijom, ali ona se brzo topi. Najtoplija izmerena temperatura bila je u Jagodini (\u201315,9\u00b0C minimum), \u0161to ukazuje na potencijalne lokalne \u0161tete na ozimoj uljanoj repici ili ozimom je\u010dmu na otvorenijim polo\u017eajima.<\/p>\n<h2>Ma\u010dva (Bogati\u0107) \u2013 najuravnote\u017eenija situacija<\/h2>\n<p>Ma\u010dva je ratarski region koji je ovu zimu iskoristio na pravi na\u010din. Dobra novembarsko-januarska punjenja (69,5 + 80,6 mm) plus izuzetan mart (89,6 mm \u2013 \u010dak pozitivan bilans!) daju ukupan kumulativni plus od +134 mm. Ipak, april kre\u0107e s deficitom i trend je isti kao svuda. Ovo je region koji ima najvi\u0161e prostora za manevrisanje, ali ne i razloga za samozadovoljstvo.<\/p>\n<h2>Veliko Gradi\u0161te \u2013 izuzetak koji potvr\u0111uje pravilo<\/h2>\n<p>Sa ukupno 538 mm padavina i kumulativnim bilansom od +277 mm, Veliko Gradi\u0161te je van svake konkurencije. Ovo je kombinacija povoljne lokacije uz Dunav i orografskog efekta Karpata. Uprkos ovako visokim vrednostima, i ovde je april doneo deficit od \u201338,5 mm \u2013 signal da se prole\u0107e zagrejava br\u017ee nego \u0161to sti\u017ee ki\u0161a.<\/p>\n<h3>\u0160ta ovo zna\u010di za va\u0161e polje<\/h3>\n<p>Ulazimo u period kada se kruni\u0161u rezultati zime, ali i kada se otvaraju najozbiljniji rizici sezone. Tri stvari su posebno va\u017ene:<\/p>\n<ul>\n<li><strong>Smederevo i okolina su u ozbiljnom vodnom stresu ve\u0107 sada.<\/strong> Kumulativni negativni bilans uz toplo i suvo vreme zna\u010di da zemlji\u0161te aktivno gubi vodu, a biljke su u fazi vlatanja \u2013 periodu najve\u0107e osetljivosti.<\/li>\n<li><strong>Jagodina i Para\u0107in imaju rezervu, ali je tro\u0161e.<\/strong> Ako april i maj ostanu suvi, razlika izme\u0111u ovih regiona i Smedereva brzo \u0107e se smanjiti. Pra\u0107enje na nedeljnom nivou je klju\u010dno.<\/li>\n<li><strong>Kriti\u010dan period se poklapa sa deficitom.<\/strong> Vlatanje, klasanje i punjenje zrna su upravo sada ili u narednih 4\u20136 nedelja. Svaki dan vodnog stresa u ovom periodu direktno uti\u010de na prinos.<\/li>\n<\/ul>\n<h3>Priprema je va\u017enija od reakcije<\/h3>\n<p>Iskustvo iz prethodnih sezona potvr\u0111uje jednu istinu koju agronomi dobro znaju: kada biljka po\u010dne da pokazuje vidljive simptome stresa \u2013 uvijanje lista, ubrzano sazrevanje, zastoj u rastu \u2013 fiziolo\u0161ka \u0161teta je ve\u0107 napravljena. Ono \u0161to vidimo iznad zemlje je posledica onoga \u0161to se nedeljama de\u0161avalo unutar biljke.<\/p>\n<p><em>Zato pristup koji preporu\u010dujemo klijentima nije \u201esa\u010dekajmo da vidimo&#8220;, ve\u0107 \u201epripremimo biljku dok je jo\u0161 vreme&#8220;.<\/em><\/p>\n<h2>Kako EliGrain poma\u017ee biljci da se pripremi<\/h2>\n<p>EliGrain je biostimulans baziran na fitosterolima \u2013 prirodnim jedinjenjima koja biljka sama proizvodi, ali u stresnim uslovima \u010desto ne dovoljno brzo. Kada se primeni preventivno, pre nastupa stresa, EliGrain poma\u017ee biljci da:<\/p>\n<ul>\n<li>Efikasnije reguli\u0161e otvaranje i zatvaranje stoma, \u010dime se smanjuje gubitak vode u toplim danima<\/li>\n<li>Bolje koristi raspolo\u017eivu vodu iz zemlji\u0161ta kroz aktivaciju akvaporina u korenu<\/li>\n<li>Du\u017ee odr\u017ei fotosintezu u uslovima visokih temperatura i ograni\u010dene vlage<\/li>\n<li>Sa\u010duva potencijal prinosa u kriti\u010dnim fazama \u2013 vlatanju, klasanju i punjenju zrna<\/li>\n<\/ul>\n<p>Jedna stvar koju uvek nagla\u0161avamo klijentima: EliGrain nije \u201e\u010darobni \u0161tapi\u0107&#8220; za su\u0161u. Ako uop\u0161te nema vode, nijedan biostimulans ne mo\u017ee napraviti \u010dudo. Ali u uslovima umerenog vodnog stresa \u2013 a to je upravo scenario koji podaci za 2026. pokazuju u ve\u0107em delu centralne Srbije \u2013 razlika izme\u0111u tretiranih i netretiranih polja mo\u017ee biti zna\u010dajna, i \u010desto presudna za ekonomiku sezone.<\/p>\n<h3>Preporuka za sezonu 2026<\/h3>\n<p>Na osnovu analize meteo podataka i o\u010dekivanog razvoja situacije, na\u0161a preporuka za ovu sezonu ozimih \u017eitarica jeste:<\/p>\n<ul>\n<li><strong>Smederevo i okolina: <\/strong>Primeniti EliGrain bez odlaganja, sada je u fazi vlatanja. Svaki izgubljeni dan pove\u0107ava rizik.<\/li>\n<li><strong>Jagodina i Para\u0107in: <\/strong>Planirati primenu EliGrain-a u narednih 7\u201314 dana, pre klasanja. Pratiti prognozu na nedeljnom nivou.<\/li>\n<li><strong>Ma\u010dva i Veliko Gradi\u0161te: <\/strong>Situacija bolja, ali trend pada je isti. Razmotriti preventivnu primenu u fazi klasanja.<\/li>\n<li><strong>Sve lokacije: <\/strong>Kombinovati sa standardnim programom prihrane i za\u0161tite useva i proceniti stanje korena i dostupne vlage u dubljim slojevima.<\/li>\n<\/ul>\n<h3>Zaklju\u010dak<\/h3>\n<p>Centralna Srbija 2026. nije monolitna \u2013 to je \u0161arena slika kontrastnih situacija. Veliko Gradi\u0161te i Ma\u010dva stoje solidno; Smederevo ve\u0107 gori. Jagodina i Para\u0107in su izme\u0111u. Ali ono \u0161to sve lokacije dele jeste isti trend: rezerve se tro\u0161e, april je suv, a kriti\u010dan period vegetacije je upravo sada.<\/p>\n<p>Ratari koji ovu sliku prepoznaju na vreme i pripreme useve pre nastupa stresa, imaju realne izglede da iskoriste potencijal koji su jesen i zima ostavile. Oni koji \u010dekaju da vide znakove stresa na njivi, naj\u010de\u0161\u0107e to vide tek kad je prekasno.<\/p>\n<p><strong>Tim Wellton-a i Certis-Belchim-a je tu da podr\u017ei va\u0161u odluku \u2013 kroz terenske posete, tehni\u010dke konsultacije i prakti\u010dne preporuke prilago\u0111ene va\u0161em regionu i tipu zemlji\u0161ta.<\/strong><\/p>\n<p><strong><em>Metodolo\u0161ka napomena: <\/em><\/strong><em>Analiza je ra\u0111ena na osnovu dnevnih meteo podataka iz Open-Meteo baze za pet reprezentativnih lokacija: Bogati\u0107 (44.84\u00b0N 19.47\u00b0E), Smederevo (44.66\u00b0N 20.93\u00b0E), Veliko Gradi\u0161te (44.75\u00b0N 21.53\u00b0E), Jagodina (43.98\u00b0N 21.26\u00b0E), Para\u0107in (43.86\u00b0N 21.41\u00b0E). Evapotranspiracija ra\u010dunata po FAO metodi. Period analize: 1. oktobar 2025. \u2013 18. april 2026.<\/em><\/p>\n<p>&nbsp;<\/p>\n\n            <div style=\"clear: both;\"><\/div>\n        <\/div>\n    <\/div>\n<\/section>\n\n\n<section class=\"cbo-productpush\">\n\t<div class=\"productpush-inner cbo-container container--padding\">\n\n\t\t\t\t<h2 class=\"productpush-title\">\n\t\t\tOtkrijte na\u0161a re\u0161enja protiv vodnog stresa.\t\t<\/h2>\n\t\t\n\t\t<div class=\"productpush-list\">\n\t\t\t\t\t\t<div class=\"list-el\">\n\t\t\t\t<a href=\"https:\/\/www.elicit-plant.com\/rs\/proizvodi\/elizea-kukuruz-u-zrnu\/\" class=\"cbo-product product--orange\">\n\t<span class=\"product-picture\">\n\t\t<span class=\"picture-background cbo-picture-cover\">\n\t\t\t<img decoding=\"async\" src=\"https:\/\/www.elicit-plant.com\/app\/uploads\/sites\/13\/2025\/04\/Icon-Best-a-317x320.png\" srcset=\"https:\/\/www.elicit-plant.com\/app\/uploads\/sites\/13\/2025\/04\/Icon-Best-a.png 768w, https:\/\/www.elicit-plant.com\/app\/uploads\/sites\/13\/2025\/04\/Icon-Best-a.png 1024w\" class=\"\" alt=\"Icon EliZea\" width=\"317\" height=\"320\" sizes=\"auto, 100vw\" loading=\"lazy\" \/>\t\t<\/span>\n\t\t<span class=\"picture-thumbnail cbo-picture-contain\">\n\t\t\t<img decoding=\"async\" src=\"https:\/\/www.elicit-plant.com\/app\/uploads\/sites\/13\/2025\/04\/EliZea-biais-SR-570x768.png\"  sizes=\"100vw\" class=\"\" alt=\"EliZea kukuruz u zrnu\"  loading=\"lazy\" \/>\t\t<\/span>\n\t<\/span>\n\t<h3 class=\"product-title cbo-title-4\">\n\t\tEliZea : kukuruz u zrnu\t<\/h3>\n<\/a>\t\t\t<\/div>\n\t\t\t\t\t\t<div class=\"list-el\">\n\t\t\t\t<a href=\"https:\/\/www.elicit-plant.com\/rs\/proizvodi\/elizea-kukuruz-za-silazu\/\" class=\"cbo-product product--orange\">\n\t<span class=\"product-picture\">\n\t\t<span class=\"picture-background cbo-picture-cover\">\n\t\t\t<img decoding=\"async\" src=\"https:\/\/www.elicit-plant.com\/app\/uploads\/sites\/13\/2025\/04\/Icon-Best-a-317x320.png\" srcset=\"https:\/\/www.elicit-plant.com\/app\/uploads\/sites\/13\/2025\/04\/Icon-Best-a.png 768w, https:\/\/www.elicit-plant.com\/app\/uploads\/sites\/13\/2025\/04\/Icon-Best-a.png 1024w\" class=\"\" alt=\"Icon EliZea\" width=\"317\" height=\"320\" sizes=\"auto, 100vw\" loading=\"lazy\" \/>\t\t<\/span>\n\t\t<span class=\"picture-thumbnail cbo-picture-contain\">\n\t\t\t<img decoding=\"async\" src=\"https:\/\/www.elicit-plant.com\/app\/uploads\/sites\/13\/2025\/04\/EliZea-biais-SR-570x768.png\"  sizes=\"100vw\" class=\"\" alt=\"EliZea kukuruz u zrnu\"  loading=\"lazy\" \/>\t\t<\/span>\n\t<\/span>\n\t<h3 class=\"product-title cbo-title-4\">\n\t\tEliZea : kukuruz za sila\u017eu\t<\/h3>\n<\/a>\t\t\t<\/div>\n\t\t\t\t\t\t<div class=\"list-el\">\n\t\t\t\t<a href=\"https:\/\/www.elicit-plant.com\/rs\/proizvodi\/eligrain-a-jari-jecam\/\" class=\"cbo-product product--yellow\">\n\t<span class=\"product-picture\">\n\t\t<span class=\"picture-background cbo-picture-cover\">\n\t\t\t<img decoding=\"async\" src=\"https:\/\/www.elicit-plant.com\/app\/uploads\/sites\/13\/2026\/03\/EliGrain-a-315x320.png\" srcset=\"https:\/\/www.elicit-plant.com\/app\/uploads\/sites\/13\/2026\/03\/EliGrain-a.png 768w, https:\/\/www.elicit-plant.com\/app\/uploads\/sites\/13\/2026\/03\/EliGrain-a.png 1024w\" class=\"\" alt=\"EliGrain-a\" width=\"315\" height=\"320\" sizes=\"auto, 100vw\" loading=\"lazy\" \/>\t\t<\/span>\n\t\t<span class=\"picture-thumbnail cbo-picture-contain\">\n\t\t\t<img decoding=\"async\" src=\"https:\/\/www.elicit-plant.com\/app\/uploads\/sites\/13\/2026\/03\/EliGrain-biais-RS-570x768.png\"  sizes=\"100vw\" class=\"\" alt=\"EliGrain biais RS\"  loading=\"lazy\" \/>\t\t<\/span>\n\t<\/span>\n\t<h3 class=\"product-title cbo-title-4\">\n\t\tEliGrain-a: jari je\u010dam\t<\/h3>\n<\/a>\t\t\t<\/div>\n\t\t\t\t\t\t<div class=\"list-el\">\n\t\t\t\t<a href=\"https:\/\/www.elicit-plant.com\/rs\/proizvodi\/eligrain-a-psenica\/\" class=\"cbo-product product--yellow\">\n\t<span class=\"product-picture\">\n\t\t<span class=\"picture-background cbo-picture-cover\">\n\t\t\t<img decoding=\"async\" src=\"https:\/\/www.elicit-plant.com\/app\/uploads\/sites\/13\/2026\/03\/EliGrain-a-1-315x320.png\" srcset=\"https:\/\/www.elicit-plant.com\/app\/uploads\/sites\/13\/2026\/03\/EliGrain-a-1.png 768w, https:\/\/www.elicit-plant.com\/app\/uploads\/sites\/13\/2026\/03\/EliGrain-a-1.png 1024w\" class=\"\" alt=\"EliGrain-a Barley\" width=\"315\" height=\"320\" sizes=\"auto, 100vw\" loading=\"lazy\" \/>\t\t<\/span>\n\t\t<span class=\"picture-thumbnail cbo-picture-contain\">\n\t\t\t<img decoding=\"async\" src=\"https:\/\/www.elicit-plant.com\/app\/uploads\/sites\/13\/2026\/03\/EliGrain-biais-RS-570x768.png\"  sizes=\"100vw\" class=\"\" alt=\"EliGrain biais RS\"  loading=\"lazy\" \/>\t\t<\/span>\n\t<\/span>\n\t<h3 class=\"product-title cbo-title-4\">\n\t\tEliGrain-a: p\u0161enica\t<\/h3>\n<\/a>\t\t\t<\/div>\n\t\t\t\t\t\t<div class=\"list-el\">\n\t\t\t\t<a href=\"https:\/\/www.elicit-plant.com\/rs\/proizvodi\/elisun-a-suncokret\/\" class=\"cbo-product product--brown\">\n\t<span class=\"product-picture\">\n\t\t<span class=\"picture-background cbo-picture-cover\">\n\t\t\t<img decoding=\"async\" src=\"https:\/\/www.elicit-plant.com\/app\/uploads\/sites\/13\/2026\/03\/img-produit-background-pattern_tournesol@2x-316x320.png\" srcset=\"https:\/\/www.elicit-plant.com\/app\/uploads\/sites\/13\/2026\/03\/img-produit-background-pattern_tournesol@2x.png 768w, https:\/\/www.elicit-plant.com\/app\/uploads\/sites\/13\/2026\/03\/img-produit-background-pattern_tournesol@2x.png 1024w\" class=\"\" alt=\"EliSun-a icon\" width=\"316\" height=\"320\" sizes=\"auto, 100vw\" loading=\"lazy\" \/>\t\t<\/span>\n\t\t<span class=\"picture-thumbnail cbo-picture-contain\">\n\t\t\t<img decoding=\"async\" src=\"https:\/\/www.elicit-plant.com\/app\/uploads\/sites\/13\/2026\/03\/EliSun-biais-RS-570x768.png\"  sizes=\"100vw\" class=\"\" alt=\"EliSun-a\"  loading=\"lazy\" \/>\t\t<\/span>\n\t<\/span>\n\t<h3 class=\"product-title cbo-title-4\">\n\t\tEliSun-a: suncokret\t<\/h3>\n<\/a>\t\t\t<\/div>\n\t\t\t\t\t\t<div class=\"list-el\">\n\t\t\t\t<a href=\"https:\/\/www.elicit-plant.com\/rs\/proizvodi\/elizon-soja\/\" class=\"cbo-product product--green\">\n\t<span class=\"product-picture\">\n\t\t<span class=\"picture-background cbo-picture-cover\">\n\t\t\t<img decoding=\"async\" src=\"https:\/\/www.elicit-plant.com\/app\/uploads\/sites\/13\/2026\/03\/Soia-icon-316x320.png\" srcset=\"https:\/\/www.elicit-plant.com\/app\/uploads\/sites\/13\/2026\/03\/Soia-icon.png 768w, https:\/\/www.elicit-plant.com\/app\/uploads\/sites\/13\/2026\/03\/Soia-icon.png 1024w\" class=\"\" alt=\"Soja icon\" width=\"316\" height=\"320\" sizes=\"auto, 100vw\" loading=\"lazy\" \/>\t\t<\/span>\n\t\t<span class=\"picture-thumbnail cbo-picture-contain\">\n\t\t\t<img decoding=\"async\" src=\"https:\/\/www.elicit-plant.com\/app\/uploads\/sites\/13\/2026\/03\/EliZon-biais-RS-570x768.png\"  sizes=\"100vw\" class=\"\" alt=\"EliZon\"  loading=\"lazy\" \/>\t\t<\/span>\n\t<\/span>\n\t<h3 class=\"product-title cbo-title-4\">\n\t\tEliZon: soja\t<\/h3>\n<\/a>\t\t\t<\/div>\n\t\t\t\t\t<\/div>\n\n\t<\/div>\n<\/section>\n\n<section class=\"cbo-featuredlinks featuredlinks--colorwhite\">\n\t<div class=\"featuredlinks-inner cbo-container \">\n\n\t\t\t\t\t<h2 class=\"cbo-title-2 featuredlinks-title\">\n\t\t\t\tNa\u0161i povezani \u010dlanci o stresu izazvanom su\u0161om.\t\t\t<\/h2>\n\t\t\n\t\t<div class=\"featuredlinks-list\" data-anim-group data-group-delay=\"100\">\n\t\t\t\n\t\t\t<div class=\"list-el\">\n\t\t\t\t<a class=\"el-inner\" href=\"https:\/\/www.elicit-plant.com\/rs\/vodni-stres\/zahvaljujuci-fitosterolima-prosecna-usteda-vode-od-20-na-svim-usevima\/\">\n\n\t\t\t\t\t<figure class=\"inner-picture cbo-picture-cover\">\n\t\t\t\t\t\t<img decoding=\"async\" src=\"https:\/\/www.elicit-plant.com\/app\/uploads\/sites\/13\/2025\/04\/Grace-aux-phytosterols-economies-deau-en-moyenne-quelle-que-soit-la-culture-768x512.jpg\" srcset=\"https:\/\/www.elicit-plant.com\/app\/uploads\/sites\/13\/2025\/04\/Grace-aux-phytosterols-economies-deau-en-moyenne-quelle-que-soit-la-culture-320x213.jpg 320w, https:\/\/www.elicit-plant.com\/app\/uploads\/sites\/13\/2025\/04\/Grace-aux-phytosterols-economies-deau-en-moyenne-quelle-que-soit-la-culture-768x512.jpg 840w, https:\/\/www.elicit-plant.com\/app\/uploads\/sites\/13\/2025\/04\/Grace-aux-phytosterols-economies-deau-en-moyenne-quelle-que-soit-la-culture-768x512.jpg 1024w, https:\/\/www.elicit-plant.com\/app\/uploads\/sites\/13\/2025\/04\/Grace-aux-phytosterols-economies-deau-en-moyenne-quelle-que-soit-la-culture-768x512.jpg 1400w\" class=\"\" alt=\"\" width=\"768\" height=\"512\" sizes=\"auto, 100vw\" loading=\"lazy\" \/>\t\t\t\t\t<\/figure>\n\n\t\t\t\t\t<h3 class=\"inner-title cbo-title-3\">\n\t\t\t\t\t\tZahvaljuju\u0107i fitosterolima: prose\u010dna u\u0161teda vode od 20% na svim usevima\t\t\t\t\t<\/h3>\n\n\t\t\t\t\t<span class=\"inner-button cbo-buttonmore\">\n\t\t\t\t\t\t<i class=\"icon icon-cross\"><\/i>\n\t\t\t\t\t<\/span>\n\t\t\t\t<\/a>\n\t\t\t<\/div>\n\n\t\t\t\n\t\t\t<div class=\"list-el\">\n\t\t\t\t<a class=\"el-inner\" href=\"https:\/\/www.elicit-plant.com\/rs\/vodni-stres\/koje-su-razlike-izmedju-suse-i-stresa-izazvanog-vodom-za-useve\/\">\n\n\t\t\t\t\t<figure class=\"inner-picture cbo-picture-cover\">\n\t\t\t\t\t\t<img decoding=\"async\" src=\"https:\/\/www.elicit-plant.com\/app\/uploads\/sites\/13\/2025\/04\/SH-vs-secheresse-768x436.jpg\" srcset=\"https:\/\/www.elicit-plant.com\/app\/uploads\/sites\/13\/2025\/04\/SH-vs-secheresse-320x182.jpg 320w, https:\/\/www.elicit-plant.com\/app\/uploads\/sites\/13\/2025\/04\/SH-vs-secheresse-768x436.jpg 840w, https:\/\/www.elicit-plant.com\/app\/uploads\/sites\/13\/2025\/04\/SH-vs-secheresse-768x436.jpg 1024w, https:\/\/www.elicit-plant.com\/app\/uploads\/sites\/13\/2025\/04\/SH-vs-secheresse-768x436.jpg 1400w\" class=\"\" alt=\"Su\u0161a vs Stres izazvan nedostatkom vode\" width=\"768\" height=\"436\" sizes=\"auto, 100vw\" loading=\"lazy\" \/>\t\t\t\t\t<\/figure>\n\n\t\t\t\t\t<h3 class=\"inner-title cbo-title-3\">\n\t\t\t\t\t\tKoje su razlike izme\u0111u su\u0161e i stresa izazvanog vodom za useve?\t\t\t\t\t<\/h3>\n\n\t\t\t\t\t<span class=\"inner-button cbo-buttonmore\">\n\t\t\t\t\t\t<i class=\"icon icon-cross\"><\/i>\n\t\t\t\t\t<\/span>\n\t\t\t\t<\/a>\n\t\t\t<\/div>\n\n\t\t\t\t\t<\/div>\n\n\t<\/div>\n<\/section>\n","protected":false},"excerpt":{"rendered":"<p>Analiza meteo podataka za pet lokacija pokazuje dramati\u010dan kontrast \u2013 i jednu zajedni\u010dku poruku za predstoje\u0107e nedelje<\/p>\n","protected":false},"author":17,"featured_media":848,"comment_status":"open","ping_status":"open","sticky":false,"template":"","format":"standard","meta":{"_acf_changed":false,"footnotes":""},"categories":[4],"class_list":["post-847","post","type-post","status-publish","format-standard","has-post-thumbnail","hentry","category-klimatske-promene"],"acf":[],"yoast_head":"<!-- This site is optimized with the Yoast SEO plugin v27.3 - https:\/\/yoast.com\/product\/yoast-seo-wordpress\/ -->\n<title>Centralna Srbija 2026: izme\u0111u su\u0161e i obilja - Elicit Plant Srbija<\/title>\n<meta name=\"description\" content=\"Analiza meteo podataka za pet lokacija pokazuje dramati\u010dan kontrast \u2013 i jednu zajedni\u010dku poruku za predstoje\u0107e nedelje\" \/>\n<meta name=\"robots\" content=\"index, follow, max-snippet:-1, max-image-preview:large, max-video-preview:-1\" \/>\n<link rel=\"canonical\" href=\"https:\/\/www.elicit-plant.com\/rs\/klimatske-promene\/centralna-srbija-2026-izmedju-suse-i-obilja\/\" \/>\n<meta property=\"og:locale\" content=\"sr_RS\" \/>\n<meta property=\"og:type\" content=\"article\" \/>\n<meta property=\"og:title\" content=\"Centralna Srbija 2026: izme\u0111u su\u0161e i obilja - Elicit Plant Srbija\" \/>\n<meta property=\"og:description\" content=\"Analiza meteo podataka za pet lokacija pokazuje dramati\u010dan kontrast \u2013 i jednu zajedni\u010dku poruku za predstoje\u0107e nedelje\" \/>\n<meta property=\"og:url\" content=\"https:\/\/www.elicit-plant.com\/rs\/klimatske-promene\/centralna-srbija-2026-izmedju-suse-i-obilja\/\" \/>\n<meta property=\"og:site_name\" content=\"Elicit Plant Srbija\" \/>\n<meta property=\"article:published_time\" content=\"2026-04-24T11:28:23+00:00\" \/>\n<meta property=\"article:modified_time\" content=\"2026-04-24T11:36:06+00:00\" \/>\n<meta property=\"og:image\" content=\"https:\/\/www.elicit-plant.com\/app\/uploads\/sites\/13\/2026\/04\/Untitled-design-16.jpg\" \/>\n\t<meta property=\"og:image:width\" content=\"1440\" \/>\n\t<meta property=\"og:image:height\" content=\"960\" \/>\n\t<meta property=\"og:image:type\" content=\"image\/jpeg\" \/>\n<meta name=\"author\" content=\"xmarketix\" \/>\n<meta name=\"twitter:card\" content=\"summary_large_image\" \/>\n<meta name=\"twitter:label1\" content=\"\u041d\u0430\u043f\u0438\u0441\u0430\u043d\u043e \u043e\u0434\" \/>\n\t<meta name=\"twitter:data1\" content=\"xmarketix\" \/>\n\t<meta name=\"twitter:label2\" content=\"\u041f\u0440\u043e\u0446\u0435\u045a\u0435\u043d\u043e \u0432\u0440\u0435\u043c\u0435 \u0447\u0438\u0442\u0430\u045a\u0430\" \/>\n\t<meta name=\"twitter:data2\" content=\"1 \u043c\u0438\u043d\u0443\u0442\" \/>\n<script type=\"application\/ld+json\" class=\"yoast-schema-graph\">{\"@context\":\"https:\\\/\\\/schema.org\",\"@graph\":[{\"@type\":\"Article\",\"@id\":\"https:\\\/\\\/www.elicit-plant.com\\\/rs\\\/klimatske-promene\\\/centralna-srbija-2026-izmedju-suse-i-obilja\\\/#article\",\"isPartOf\":{\"@id\":\"https:\\\/\\\/www.elicit-plant.com\\\/rs\\\/klimatske-promene\\\/centralna-srbija-2026-izmedju-suse-i-obilja\\\/\"},\"author\":{\"name\":\"xmarketix\",\"@id\":\"https:\\\/\\\/www.elicit-plant.com\\\/rs\\\/#\\\/schema\\\/person\\\/4d81e631ab3b2dd27ee66602568c2e90\"},\"headline\":\"Centralna Srbija 2026: izme\u0111u su\u0161e i obilja\",\"datePublished\":\"2026-04-24T11:28:23+00:00\",\"dateModified\":\"2026-04-24T11:36:06+00:00\",\"mainEntityOfPage\":{\"@id\":\"https:\\\/\\\/www.elicit-plant.com\\\/rs\\\/klimatske-promene\\\/centralna-srbija-2026-izmedju-suse-i-obilja\\\/\"},\"wordCount\":8,\"commentCount\":0,\"image\":{\"@id\":\"https:\\\/\\\/www.elicit-plant.com\\\/rs\\\/klimatske-promene\\\/centralna-srbija-2026-izmedju-suse-i-obilja\\\/#primaryimage\"},\"thumbnailUrl\":\"https:\\\/\\\/www.elicit-plant.com\\\/app\\\/uploads\\\/sites\\\/13\\\/2026\\\/04\\\/Untitled-design-16.jpg\",\"articleSection\":[\"Klimatske promene\"],\"inLanguage\":\"sr-RS\",\"potentialAction\":[{\"@type\":\"CommentAction\",\"name\":\"Comment\",\"target\":[\"https:\\\/\\\/www.elicit-plant.com\\\/rs\\\/klimatske-promene\\\/centralna-srbija-2026-izmedju-suse-i-obilja\\\/#respond\"]}]},{\"@type\":\"WebPage\",\"@id\":\"https:\\\/\\\/www.elicit-plant.com\\\/rs\\\/klimatske-promene\\\/centralna-srbija-2026-izmedju-suse-i-obilja\\\/\",\"url\":\"https:\\\/\\\/www.elicit-plant.com\\\/rs\\\/klimatske-promene\\\/centralna-srbija-2026-izmedju-suse-i-obilja\\\/\",\"name\":\"Centralna Srbija 2026: izme\u0111u su\u0161e i obilja - Elicit Plant Srbija\",\"isPartOf\":{\"@id\":\"https:\\\/\\\/www.elicit-plant.com\\\/rs\\\/#website\"},\"primaryImageOfPage\":{\"@id\":\"https:\\\/\\\/www.elicit-plant.com\\\/rs\\\/klimatske-promene\\\/centralna-srbija-2026-izmedju-suse-i-obilja\\\/#primaryimage\"},\"image\":{\"@id\":\"https:\\\/\\\/www.elicit-plant.com\\\/rs\\\/klimatske-promene\\\/centralna-srbija-2026-izmedju-suse-i-obilja\\\/#primaryimage\"},\"thumbnailUrl\":\"https:\\\/\\\/www.elicit-plant.com\\\/app\\\/uploads\\\/sites\\\/13\\\/2026\\\/04\\\/Untitled-design-16.jpg\",\"datePublished\":\"2026-04-24T11:28:23+00:00\",\"dateModified\":\"2026-04-24T11:36:06+00:00\",\"author\":{\"@id\":\"https:\\\/\\\/www.elicit-plant.com\\\/rs\\\/#\\\/schema\\\/person\\\/4d81e631ab3b2dd27ee66602568c2e90\"},\"description\":\"Analiza meteo podataka za pet lokacija pokazuje dramati\u010dan kontrast \u2013 i jednu zajedni\u010dku poruku za predstoje\u0107e nedelje\",\"breadcrumb\":{\"@id\":\"https:\\\/\\\/www.elicit-plant.com\\\/rs\\\/klimatske-promene\\\/centralna-srbija-2026-izmedju-suse-i-obilja\\\/#breadcrumb\"},\"inLanguage\":\"sr-RS\",\"potentialAction\":[{\"@type\":\"ReadAction\",\"target\":[\"https:\\\/\\\/www.elicit-plant.com\\\/rs\\\/klimatske-promene\\\/centralna-srbija-2026-izmedju-suse-i-obilja\\\/\"]}]},{\"@type\":\"ImageObject\",\"inLanguage\":\"sr-RS\",\"@id\":\"https:\\\/\\\/www.elicit-plant.com\\\/rs\\\/klimatske-promene\\\/centralna-srbija-2026-izmedju-suse-i-obilja\\\/#primaryimage\",\"url\":\"https:\\\/\\\/www.elicit-plant.com\\\/app\\\/uploads\\\/sites\\\/13\\\/2026\\\/04\\\/Untitled-design-16.jpg\",\"contentUrl\":\"https:\\\/\\\/www.elicit-plant.com\\\/app\\\/uploads\\\/sites\\\/13\\\/2026\\\/04\\\/Untitled-design-16.jpg\",\"width\":1440,\"height\":960},{\"@type\":\"BreadcrumbList\",\"@id\":\"https:\\\/\\\/www.elicit-plant.com\\\/rs\\\/klimatske-promene\\\/centralna-srbija-2026-izmedju-suse-i-obilja\\\/#breadcrumb\",\"itemListElement\":[{\"@type\":\"ListItem\",\"position\":1,\"name\":\"Accueil\",\"item\":\"https:\\\/\\\/www.elicit-plant.com\\\/rs\\\/\"},{\"@type\":\"ListItem\",\"position\":2,\"name\":\"Centralna Srbija 2026: izme\u0111u su\u0161e i obilja\"}]},{\"@type\":\"WebSite\",\"@id\":\"https:\\\/\\\/www.elicit-plant.com\\\/rs\\\/#website\",\"url\":\"https:\\\/\\\/www.elicit-plant.com\\\/rs\\\/\",\"name\":\"Elicit Plant Srbija\",\"description\":\"\",\"potentialAction\":[{\"@type\":\"SearchAction\",\"target\":{\"@type\":\"EntryPoint\",\"urlTemplate\":\"https:\\\/\\\/www.elicit-plant.com\\\/rs\\\/?s={search_term_string}\"},\"query-input\":{\"@type\":\"PropertyValueSpecification\",\"valueRequired\":true,\"valueName\":\"search_term_string\"}}],\"inLanguage\":\"sr-RS\"},{\"@type\":\"Person\",\"@id\":\"https:\\\/\\\/www.elicit-plant.com\\\/rs\\\/#\\\/schema\\\/person\\\/4d81e631ab3b2dd27ee66602568c2e90\",\"name\":\"xmarketix\",\"image\":{\"@type\":\"ImageObject\",\"inLanguage\":\"sr-RS\",\"@id\":\"https:\\\/\\\/secure.gravatar.com\\\/avatar\\\/f29707641287c4a0d577368ab20871b6aab58c591f05ec4c12d781993e9544bb?s=96&d=mm&r=g\",\"url\":\"https:\\\/\\\/secure.gravatar.com\\\/avatar\\\/f29707641287c4a0d577368ab20871b6aab58c591f05ec4c12d781993e9544bb?s=96&d=mm&r=g\",\"contentUrl\":\"https:\\\/\\\/secure.gravatar.com\\\/avatar\\\/f29707641287c4a0d577368ab20871b6aab58c591f05ec4c12d781993e9544bb?s=96&d=mm&r=g\",\"caption\":\"xmarketix\"},\"url\":\"https:\\\/\\\/www.elicit-plant.com\\\/rs\\\/author\\\/xmarketix\\\/\"}]}<\/script>\n<!-- \/ Yoast SEO plugin. -->","yoast_head_json":{"title":"Centralna Srbija 2026: izme\u0111u su\u0161e i obilja - Elicit Plant Srbija","description":"Analiza meteo podataka za pet lokacija pokazuje dramati\u010dan kontrast \u2013 i jednu zajedni\u010dku poruku za predstoje\u0107e nedelje","robots":{"index":"index","follow":"follow","max-snippet":"max-snippet:-1","max-image-preview":"max-image-preview:large","max-video-preview":"max-video-preview:-1"},"canonical":"https:\/\/www.elicit-plant.com\/rs\/klimatske-promene\/centralna-srbija-2026-izmedju-suse-i-obilja\/","og_locale":"sr_RS","og_type":"article","og_title":"Centralna Srbija 2026: izme\u0111u su\u0161e i obilja - Elicit Plant Srbija","og_description":"Analiza meteo podataka za pet lokacija pokazuje dramati\u010dan kontrast \u2013 i jednu zajedni\u010dku poruku za predstoje\u0107e nedelje","og_url":"https:\/\/www.elicit-plant.com\/rs\/klimatske-promene\/centralna-srbija-2026-izmedju-suse-i-obilja\/","og_site_name":"Elicit Plant Srbija","article_published_time":"2026-04-24T11:28:23+00:00","article_modified_time":"2026-04-24T11:36:06+00:00","og_image":[{"width":1440,"height":960,"url":"https:\/\/www.elicit-plant.com\/app\/uploads\/sites\/13\/2026\/04\/Untitled-design-16.jpg","type":"image\/jpeg"}],"author":"xmarketix","twitter_card":"summary_large_image","twitter_misc":{"\u041d\u0430\u043f\u0438\u0441\u0430\u043d\u043e \u043e\u0434":"xmarketix","\u041f\u0440\u043e\u0446\u0435\u045a\u0435\u043d\u043e \u0432\u0440\u0435\u043c\u0435 \u0447\u0438\u0442\u0430\u045a\u0430":"1 \u043c\u0438\u043d\u0443\u0442"},"schema":{"@context":"https:\/\/schema.org","@graph":[{"@type":"Article","@id":"https:\/\/www.elicit-plant.com\/rs\/klimatske-promene\/centralna-srbija-2026-izmedju-suse-i-obilja\/#article","isPartOf":{"@id":"https:\/\/www.elicit-plant.com\/rs\/klimatske-promene\/centralna-srbija-2026-izmedju-suse-i-obilja\/"},"author":{"name":"xmarketix","@id":"https:\/\/www.elicit-plant.com\/rs\/#\/schema\/person\/4d81e631ab3b2dd27ee66602568c2e90"},"headline":"Centralna Srbija 2026: izme\u0111u su\u0161e i obilja","datePublished":"2026-04-24T11:28:23+00:00","dateModified":"2026-04-24T11:36:06+00:00","mainEntityOfPage":{"@id":"https:\/\/www.elicit-plant.com\/rs\/klimatske-promene\/centralna-srbija-2026-izmedju-suse-i-obilja\/"},"wordCount":8,"commentCount":0,"image":{"@id":"https:\/\/www.elicit-plant.com\/rs\/klimatske-promene\/centralna-srbija-2026-izmedju-suse-i-obilja\/#primaryimage"},"thumbnailUrl":"https:\/\/www.elicit-plant.com\/app\/uploads\/sites\/13\/2026\/04\/Untitled-design-16.jpg","articleSection":["Klimatske promene"],"inLanguage":"sr-RS","potentialAction":[{"@type":"CommentAction","name":"Comment","target":["https:\/\/www.elicit-plant.com\/rs\/klimatske-promene\/centralna-srbija-2026-izmedju-suse-i-obilja\/#respond"]}]},{"@type":"WebPage","@id":"https:\/\/www.elicit-plant.com\/rs\/klimatske-promene\/centralna-srbija-2026-izmedju-suse-i-obilja\/","url":"https:\/\/www.elicit-plant.com\/rs\/klimatske-promene\/centralna-srbija-2026-izmedju-suse-i-obilja\/","name":"Centralna Srbija 2026: izme\u0111u su\u0161e i obilja - Elicit Plant Srbija","isPartOf":{"@id":"https:\/\/www.elicit-plant.com\/rs\/#website"},"primaryImageOfPage":{"@id":"https:\/\/www.elicit-plant.com\/rs\/klimatske-promene\/centralna-srbija-2026-izmedju-suse-i-obilja\/#primaryimage"},"image":{"@id":"https:\/\/www.elicit-plant.com\/rs\/klimatske-promene\/centralna-srbija-2026-izmedju-suse-i-obilja\/#primaryimage"},"thumbnailUrl":"https:\/\/www.elicit-plant.com\/app\/uploads\/sites\/13\/2026\/04\/Untitled-design-16.jpg","datePublished":"2026-04-24T11:28:23+00:00","dateModified":"2026-04-24T11:36:06+00:00","author":{"@id":"https:\/\/www.elicit-plant.com\/rs\/#\/schema\/person\/4d81e631ab3b2dd27ee66602568c2e90"},"description":"Analiza meteo podataka za pet lokacija pokazuje dramati\u010dan kontrast \u2013 i jednu zajedni\u010dku poruku za predstoje\u0107e nedelje","breadcrumb":{"@id":"https:\/\/www.elicit-plant.com\/rs\/klimatske-promene\/centralna-srbija-2026-izmedju-suse-i-obilja\/#breadcrumb"},"inLanguage":"sr-RS","potentialAction":[{"@type":"ReadAction","target":["https:\/\/www.elicit-plant.com\/rs\/klimatske-promene\/centralna-srbija-2026-izmedju-suse-i-obilja\/"]}]},{"@type":"ImageObject","inLanguage":"sr-RS","@id":"https:\/\/www.elicit-plant.com\/rs\/klimatske-promene\/centralna-srbija-2026-izmedju-suse-i-obilja\/#primaryimage","url":"https:\/\/www.elicit-plant.com\/app\/uploads\/sites\/13\/2026\/04\/Untitled-design-16.jpg","contentUrl":"https:\/\/www.elicit-plant.com\/app\/uploads\/sites\/13\/2026\/04\/Untitled-design-16.jpg","width":1440,"height":960},{"@type":"BreadcrumbList","@id":"https:\/\/www.elicit-plant.com\/rs\/klimatske-promene\/centralna-srbija-2026-izmedju-suse-i-obilja\/#breadcrumb","itemListElement":[{"@type":"ListItem","position":1,"name":"Accueil","item":"https:\/\/www.elicit-plant.com\/rs\/"},{"@type":"ListItem","position":2,"name":"Centralna Srbija 2026: izme\u0111u su\u0161e i obilja"}]},{"@type":"WebSite","@id":"https:\/\/www.elicit-plant.com\/rs\/#website","url":"https:\/\/www.elicit-plant.com\/rs\/","name":"Elicit Plant Srbija","description":"","potentialAction":[{"@type":"SearchAction","target":{"@type":"EntryPoint","urlTemplate":"https:\/\/www.elicit-plant.com\/rs\/?s={search_term_string}"},"query-input":{"@type":"PropertyValueSpecification","valueRequired":true,"valueName":"search_term_string"}}],"inLanguage":"sr-RS"},{"@type":"Person","@id":"https:\/\/www.elicit-plant.com\/rs\/#\/schema\/person\/4d81e631ab3b2dd27ee66602568c2e90","name":"xmarketix","image":{"@type":"ImageObject","inLanguage":"sr-RS","@id":"https:\/\/secure.gravatar.com\/avatar\/f29707641287c4a0d577368ab20871b6aab58c591f05ec4c12d781993e9544bb?s=96&d=mm&r=g","url":"https:\/\/secure.gravatar.com\/avatar\/f29707641287c4a0d577368ab20871b6aab58c591f05ec4c12d781993e9544bb?s=96&d=mm&r=g","contentUrl":"https:\/\/secure.gravatar.com\/avatar\/f29707641287c4a0d577368ab20871b6aab58c591f05ec4c12d781993e9544bb?s=96&d=mm&r=g","caption":"xmarketix"},"url":"https:\/\/www.elicit-plant.com\/rs\/author\/xmarketix\/"}]}},"_links":{"self":[{"href":"https:\/\/www.elicit-plant.com\/rs\/wp-json\/wp\/v2\/posts\/847","targetHints":{"allow":["GET"]}}],"collection":[{"href":"https:\/\/www.elicit-plant.com\/rs\/wp-json\/wp\/v2\/posts"}],"about":[{"href":"https:\/\/www.elicit-plant.com\/rs\/wp-json\/wp\/v2\/types\/post"}],"author":[{"embeddable":true,"href":"https:\/\/www.elicit-plant.com\/rs\/wp-json\/wp\/v2\/users\/17"}],"replies":[{"embeddable":true,"href":"https:\/\/www.elicit-plant.com\/rs\/wp-json\/wp\/v2\/comments?post=847"}],"version-history":[{"count":3,"href":"https:\/\/www.elicit-plant.com\/rs\/wp-json\/wp\/v2\/posts\/847\/revisions"}],"predecessor-version":[{"id":851,"href":"https:\/\/www.elicit-plant.com\/rs\/wp-json\/wp\/v2\/posts\/847\/revisions\/851"}],"wp:featuredmedia":[{"embeddable":true,"href":"https:\/\/www.elicit-plant.com\/rs\/wp-json\/wp\/v2\/media\/848"}],"wp:attachment":[{"href":"https:\/\/www.elicit-plant.com\/rs\/wp-json\/wp\/v2\/media?parent=847"}],"wp:term":[{"taxonomy":"category","embeddable":true,"href":"https:\/\/www.elicit-plant.com\/rs\/wp-json\/wp\/v2\/categories?post=847"}],"curies":[{"name":"wp","href":"https:\/\/api.w.org\/{rel}","templated":true}]}}